{"id":4739,"date":"2020-06-23T15:58:06","date_gmt":"2020-06-23T13:58:06","guid":{"rendered":"https:\/\/www.saprima.de\/?p=4739"},"modified":"2020-08-26T13:33:33","modified_gmt":"2020-08-26T11:33:33","slug":"agiles-arbeiten-in-einer-traditionellen-multiprojektumgebung","status":"publish","type":"post","link":"http:\/\/www.saprima.de\/en\/agiles-arbeiten-in-einer-traditionellen-multiprojektumgebung\/","title":{"rendered":"Agiles arbeiten in einer traditionellen Multiprojektumgebung &#8211; 2.7.2020 11:00 Uhr"},"content":{"rendered":"<p class=\"wpcf7-contact-form-not-found\"><strong>Error:<\/strong> Contact form not found.<\/p>\n\n\n\n<p>Durch Arbeitsmethoden wie&nbsp;Scrum&nbsp;ist es einfach geworden in Entwicklungsprojekten agil zu arbeiten. Mit einem Kanban-Board oder einfachen&nbsp;Burndown&nbsp;Grafiken erh\u00e4lt man einen schnellen \u00dcberblick der aktuellen Projekte und deren Status. Allerdings befinden wir uns hier schon in einem fortgeschrittenen Projekt, der Anfang sieht meist anders aus. Meist wird hier zuerst mit einer traditionellen Methode Aufwandssch\u00e4tzung und Ressourcenplanung in verschiedenen Tools angewandt. <\/p>\n\n\n\n<p>Eine ganzheitliche Sicht auf Projekte, von der Angebotsphase bis zu \u201eLessons&nbsp;Learned\u201c ist daher schwierig und aufw\u00e4ndig. <\/p>\n\n\n\n<p>Der \u00dcbergang von einem Wasserfall Projekt in eine agile Projektstruktur wird von saprima automatisiert \u00fcbernommen. Das Management hat weiterhin die \u00dcbersicht \u00fcber die KPI&#8217;s oder Ziele aller Projekte. Somit ist ein Soll-Ist-Vergleich eine Kleinigkeit und kann Ihnen w\u00e4hrend&nbsp;laufender Projekte jederzeit Auskunft \u00fcber den Status Ihres Portfolios geben.&nbsp; <\/p>\n\n\n\n<p><strong>Wir zeigen Ihnen in unserem\u00a0kommenden Webinar wie Sie Ihre Wasserfallprojekte in saprima agil umsetzen und passende Ressourcenplanung darstellen und Auswertung ausgeben k\u00f6nnen.\u00a0<\/strong><\/p>\n\n\n\n<p><a href=\"https:\/\/www.saprima.de\/wp-content\/uploads\/2016\/Whitepaper\/Whitepaper_Classic_agil.pdf\"><strong>Falls wir Ihr Interesse geweckt haben wir ein Whitepaper f\u00fcr Sie geschrieben: &#8222;Von der Projektidee bis zur operativen (agilen) Projektabwicklung&#8220;<\/strong><\/a><\/p>\n\n\n\n<p><strong>Sichern Sie sich jetzt Ihren Platz in unserem Webinar am 2.7.2020 um 11:00 Uhr mit dem Thema &#8222;<\/strong><strong>Agiles arbeiten in einer traditionellen Multiprojektumgebung&#8220;<\/strong>&nbsp;<\/p>","protected":false},"excerpt":{"rendered":"<p>Durch Arbeitsmethoden wie&nbsp;Scrum&nbsp;ist es einfach geworden in Entwicklungsprojekten agil zu arbeiten. Mit einem Kanban-Board oder einfachen&nbsp;Burndown&nbsp;Grafiken erh\u00e4lt man einen schnellen \u00dcberblick der aktuellen Projekte und deren Status. Allerdings befinden wir&hellip; <br \/> <a class=\"read-more\" href=\"http:\/\/www.saprima.de\/en\/agiles-arbeiten-in-einer-traditionellen-multiprojektumgebung\/\">Read more<\/a><\/p>","protected":false},"author":2,"featured_media":0,"comment_status":"closed","ping_status":"closed","sticky":false,"template":"","format":"standard","meta":{"_price":"","_stock":"","_tribe_ticket_header":"","_tribe_default_ticket_provider":"","_tribe_ticket_capacity":"0","_ticket_start_date":"","_ticket_end_date":"","_tribe_ticket_show_description":"","_tribe_ticket_show_not_going":false,"_tribe_ticket_use_global_stock":"","_tribe_ticket_global_stock_level":"","_global_stock_mode":"","_global_stock_cap":"","_tribe_rsvp_for_event":"","_tribe_ticket_going_count":"","_tribe_ticket_not_going_count":"","_tribe_tickets_list":"[]","_tribe_ticket_has_attendee_info_fields":false,"footnotes":""},"categories":[14],"tags":[],"class_list":["post-4739","post","type-post","status-publish","format-standard","hentry","category-webinare"],"yoast_head":"<!-- This site is optimized with the Yoast SEO plugin v27.4 - https:\/\/yoast.com\/product\/yoast-seo-wordpress\/ -->\n<title>Agiles arbeiten in einer traditionellen Multiprojektumgebung - 2.7.2020 11:00 Uhr - saprima\u00ae - Compose your Success<\/title>\n<meta name=\"description\" content=\"Projektmanagement | Produktmanagement | Ressourcenmanagement kann so einfach sein. Nutzen Sie unser kostenlose Startparket: saprima Basic\" \/>\n<meta name=\"robots\" content=\"index, follow, max-snippet:-1, max-image-preview:large, max-video-preview:-1\" \/>\n<link rel=\"canonical\" href=\"https:\/\/www.saprima.de\/en\/agiles-arbeiten-in-einer-traditionellen-multiprojektumgebung\/\" \/>\n<meta property=\"og:locale\" content=\"en_GB\" \/>\n<meta property=\"og:type\" content=\"article\" \/>\n<meta property=\"og:title\" content=\"Agiles arbeiten in einer traditionellen Multiprojektumgebung - 2.7.2020 11:00 Uhr - saprima\u00ae - Compose your Success\" \/>\n<meta property=\"og:description\" content=\"Projektmanagement | Produktmanagement | Ressourcenmanagement kann so einfach sein. Nutzen Sie unser kostenlose Startparket: saprima Basic\" \/>\n<meta property=\"og:url\" content=\"https:\/\/www.saprima.de\/en\/agiles-arbeiten-in-einer-traditionellen-multiprojektumgebung\/\" \/>\n<meta property=\"og:site_name\" content=\"saprima\u00ae - Compose your Success\" \/>\n<meta property=\"article:published_time\" content=\"2020-06-23T13:58:06+00:00\" \/>\n<meta property=\"article:modified_time\" content=\"2020-08-26T11:33:33+00:00\" \/>\n<meta name=\"author\" content=\"Josef Weig\" \/>\n<meta name=\"twitter:card\" content=\"summary_large_image\" \/>\n<meta name=\"twitter:creator\" content=\"@saprima1\" \/>\n<meta name=\"twitter:site\" content=\"@saprima1\" \/>\n<meta name=\"twitter:label1\" content=\"Written by\" \/>\n\t<meta name=\"twitter:data1\" content=\"Josef Weig\" \/>\n\t<meta name=\"twitter:label2\" content=\"Estimated reading time\" \/>\n\t<meta name=\"twitter:data2\" content=\"1 minute\" \/>\n<script type=\"application\/ld+json\" class=\"yoast-schema-graph\">{\"@context\":\"https:\\\/\\\/schema.org\",\"@graph\":[{\"@type\":\"Article\",\"@id\":\"https:\\\/\\\/www.saprima.de\\\/agiles-arbeiten-in-einer-traditionellen-multiprojektumgebung\\\/#article\",\"isPartOf\":{\"@id\":\"https:\\\/\\\/www.saprima.de\\\/agiles-arbeiten-in-einer-traditionellen-multiprojektumgebung\\\/\"},\"author\":{\"name\":\"Josef Weig\",\"@id\":\"https:\\\/\\\/www.saprima.de\\\/de\\\/#\\\/schema\\\/person\\\/ad9835e96a9b8c55346fb74b19524f5a\"},\"headline\":\"Agiles arbeiten in einer traditionellen Multiprojektumgebung &#8211; 2.7.2020 11:00 Uhr\",\"datePublished\":\"2020-06-23T13:58:06+00:00\",\"dateModified\":\"2020-08-26T11:33:33+00:00\",\"mainEntityOfPage\":{\"@id\":\"https:\\\/\\\/www.saprima.de\\\/agiles-arbeiten-in-einer-traditionellen-multiprojektumgebung\\\/\"},\"wordCount\":220,\"publisher\":{\"@id\":\"https:\\\/\\\/www.saprima.de\\\/de\\\/#organization\"},\"articleSection\":[\"Webinare\"],\"inLanguage\":\"en-GB\"},{\"@type\":\"WebPage\",\"@id\":\"https:\\\/\\\/www.saprima.de\\\/agiles-arbeiten-in-einer-traditionellen-multiprojektumgebung\\\/\",\"url\":\"https:\\\/\\\/www.saprima.de\\\/agiles-arbeiten-in-einer-traditionellen-multiprojektumgebung\\\/\",\"name\":\"Agiles arbeiten in einer traditionellen Multiprojektumgebung - 2.7.2020 11:00 Uhr - saprima\u00ae - Compose your Success\",\"isPartOf\":{\"@id\":\"https:\\\/\\\/www.saprima.de\\\/de\\\/#website\"},\"datePublished\":\"2020-06-23T13:58:06+00:00\",\"dateModified\":\"2020-08-26T11:33:33+00:00\",\"description\":\"Projektmanagement | Produktmanagement | Ressourcenmanagement kann so einfach sein. Nutzen Sie unser kostenlose Startparket: saprima Basic\",\"breadcrumb\":{\"@id\":\"https:\\\/\\\/www.saprima.de\\\/agiles-arbeiten-in-einer-traditionellen-multiprojektumgebung\\\/#breadcrumb\"},\"inLanguage\":\"en-GB\",\"potentialAction\":[{\"@type\":\"ReadAction\",\"target\":[\"https:\\\/\\\/www.saprima.de\\\/agiles-arbeiten-in-einer-traditionellen-multiprojektumgebung\\\/\"]}]},{\"@type\":\"BreadcrumbList\",\"@id\":\"https:\\\/\\\/www.saprima.de\\\/agiles-arbeiten-in-einer-traditionellen-multiprojektumgebung\\\/#breadcrumb\",\"itemListElement\":[{\"@type\":\"ListItem\",\"position\":1,\"name\":\"Startseite\",\"item\":\"https:\\\/\\\/www.saprima.de\\\/\"},{\"@type\":\"ListItem\",\"position\":2,\"name\":\"Agiles arbeiten in einer traditionellen Multiprojektumgebung &#8211; 2.7.2020 11:00 Uhr\"}]},{\"@type\":\"WebSite\",\"@id\":\"https:\\\/\\\/www.saprima.de\\\/de\\\/#website\",\"url\":\"https:\\\/\\\/www.saprima.de\\\/de\\\/\",\"name\":\"saprima\u00ae\",\"description\":\"\",\"publisher\":{\"@id\":\"https:\\\/\\\/www.saprima.de\\\/de\\\/#organization\"},\"potentialAction\":[{\"@type\":\"SearchAction\",\"target\":{\"@type\":\"EntryPoint\",\"urlTemplate\":\"https:\\\/\\\/www.saprima.de\\\/de\\\/?s={search_term_string}\"},\"query-input\":{\"@type\":\"PropertyValueSpecification\",\"valueRequired\":true,\"valueName\":\"search_term_string\"}}],\"inLanguage\":\"en-GB\"},{\"@type\":\"Organization\",\"@id\":\"https:\\\/\\\/www.saprima.de\\\/de\\\/#organization\",\"name\":\"saprima GmbH\",\"url\":\"https:\\\/\\\/www.saprima.de\\\/de\\\/\",\"logo\":{\"@type\":\"ImageObject\",\"inLanguage\":\"en-GB\",\"@id\":\"https:\\\/\\\/www.saprima.de\\\/de\\\/#\\\/schema\\\/logo\\\/image\\\/\",\"url\":\"https:\\\/\\\/www.saprima.de\\\/wp-content\\\/uploads\\\/saprima_final_transp.png\",\"contentUrl\":\"https:\\\/\\\/www.saprima.de\\\/wp-content\\\/uploads\\\/saprima_final_transp.png\",\"width\":1468,\"height\":938,\"caption\":\"saprima GmbH\"},\"image\":{\"@id\":\"https:\\\/\\\/www.saprima.de\\\/de\\\/#\\\/schema\\\/logo\\\/image\\\/\"},\"sameAs\":[\"https:\\\/\\\/x.com\\\/saprima1\",\"https:\\\/\\\/www.youtube.com\\\/user\\\/saprima2011\"]},{\"@type\":\"Person\",\"@id\":\"https:\\\/\\\/www.saprima.de\\\/de\\\/#\\\/schema\\\/person\\\/ad9835e96a9b8c55346fb74b19524f5a\",\"name\":\"Josef Weig\",\"image\":{\"@type\":\"ImageObject\",\"inLanguage\":\"en-GB\",\"@id\":\"https:\\\/\\\/secure.gravatar.com\\\/avatar\\\/6c8803fc64c77db3934ceb7f665a70107ed8bb2d969ca0dbed9329ff23ca7b16?s=96&d=mm&r=g\",\"url\":\"https:\\\/\\\/secure.gravatar.com\\\/avatar\\\/6c8803fc64c77db3934ceb7f665a70107ed8bb2d969ca0dbed9329ff23ca7b16?s=96&d=mm&r=g\",\"contentUrl\":\"https:\\\/\\\/secure.gravatar.com\\\/avatar\\\/6c8803fc64c77db3934ceb7f665a70107ed8bb2d969ca0dbed9329ff23ca7b16?s=96&d=mm&r=g\",\"caption\":\"Josef Weig\"},\"sameAs\":[\"http:\\\/\\\/localhost:8000\"]}]}<\/script>\n<!-- \/ Yoast SEO plugin. -->","yoast_head_json":{"title":"Agiles arbeiten in einer traditionellen Multiprojektumgebung - 2.7.2020 11:00 Uhr - saprima\u00ae - Compose your Success","description":"Projektmanagement | Produktmanagement | Ressourcenmanagement kann so einfach sein. Nutzen Sie unser kostenlose Startparket: saprima Basic","robots":{"index":"index","follow":"follow","max-snippet":"max-snippet:-1","max-image-preview":"max-image-preview:large","max-video-preview":"max-video-preview:-1"},"canonical":"https:\/\/www.saprima.de\/en\/agiles-arbeiten-in-einer-traditionellen-multiprojektumgebung\/","og_locale":"en_GB","og_type":"article","og_title":"Agiles arbeiten in einer traditionellen Multiprojektumgebung - 2.7.2020 11:00 Uhr - saprima\u00ae - Compose your Success","og_description":"Projektmanagement | Produktmanagement | Ressourcenmanagement kann so einfach sein. Nutzen Sie unser kostenlose Startparket: saprima Basic","og_url":"https:\/\/www.saprima.de\/en\/agiles-arbeiten-in-einer-traditionellen-multiprojektumgebung\/","og_site_name":"saprima\u00ae - Compose your Success","article_published_time":"2020-06-23T13:58:06+00:00","article_modified_time":"2020-08-26T11:33:33+00:00","author":"Josef Weig","twitter_card":"summary_large_image","twitter_creator":"@saprima1","twitter_site":"@saprima1","twitter_misc":{"Written by":"Josef Weig","Estimated reading time":"1 minute"},"schema":{"@context":"https:\/\/schema.org","@graph":[{"@type":"Article","@id":"https:\/\/www.saprima.de\/agiles-arbeiten-in-einer-traditionellen-multiprojektumgebung\/#article","isPartOf":{"@id":"https:\/\/www.saprima.de\/agiles-arbeiten-in-einer-traditionellen-multiprojektumgebung\/"},"author":{"name":"Josef Weig","@id":"https:\/\/www.saprima.de\/de\/#\/schema\/person\/ad9835e96a9b8c55346fb74b19524f5a"},"headline":"Agiles arbeiten in einer traditionellen Multiprojektumgebung &#8211; 2.7.2020 11:00 Uhr","datePublished":"2020-06-23T13:58:06+00:00","dateModified":"2020-08-26T11:33:33+00:00","mainEntityOfPage":{"@id":"https:\/\/www.saprima.de\/agiles-arbeiten-in-einer-traditionellen-multiprojektumgebung\/"},"wordCount":220,"publisher":{"@id":"https:\/\/www.saprima.de\/de\/#organization"},"articleSection":["Webinare"],"inLanguage":"en-GB"},{"@type":"WebPage","@id":"https:\/\/www.saprima.de\/agiles-arbeiten-in-einer-traditionellen-multiprojektumgebung\/","url":"https:\/\/www.saprima.de\/agiles-arbeiten-in-einer-traditionellen-multiprojektumgebung\/","name":"Agiles arbeiten in einer traditionellen Multiprojektumgebung - 2.7.2020 11:00 Uhr - saprima\u00ae - Compose your Success","isPartOf":{"@id":"https:\/\/www.saprima.de\/de\/#website"},"datePublished":"2020-06-23T13:58:06+00:00","dateModified":"2020-08-26T11:33:33+00:00","description":"Projektmanagement | Produktmanagement | Ressourcenmanagement kann so einfach sein. Nutzen Sie unser kostenlose Startparket: saprima Basic","breadcrumb":{"@id":"https:\/\/www.saprima.de\/agiles-arbeiten-in-einer-traditionellen-multiprojektumgebung\/#breadcrumb"},"inLanguage":"en-GB","potentialAction":[{"@type":"ReadAction","target":["https:\/\/www.saprima.de\/agiles-arbeiten-in-einer-traditionellen-multiprojektumgebung\/"]}]},{"@type":"BreadcrumbList","@id":"https:\/\/www.saprima.de\/agiles-arbeiten-in-einer-traditionellen-multiprojektumgebung\/#breadcrumb","itemListElement":[{"@type":"ListItem","position":1,"name":"Startseite","item":"https:\/\/www.saprima.de\/"},{"@type":"ListItem","position":2,"name":"Agiles arbeiten in einer traditionellen Multiprojektumgebung &#8211; 2.7.2020 11:00 Uhr"}]},{"@type":"WebSite","@id":"https:\/\/www.saprima.de\/de\/#website","url":"https:\/\/www.saprima.de\/de\/","name":"saprima\u00ae","description":"","publisher":{"@id":"https:\/\/www.saprima.de\/de\/#organization"},"potentialAction":[{"@type":"SearchAction","target":{"@type":"EntryPoint","urlTemplate":"https:\/\/www.saprima.de\/de\/?s={search_term_string}"},"query-input":{"@type":"PropertyValueSpecification","valueRequired":true,"valueName":"search_term_string"}}],"inLanguage":"en-GB"},{"@type":"Organization","@id":"https:\/\/www.saprima.de\/de\/#organization","name":"saprima GmbH","url":"https:\/\/www.saprima.de\/de\/","logo":{"@type":"ImageObject","inLanguage":"en-GB","@id":"https:\/\/www.saprima.de\/de\/#\/schema\/logo\/image\/","url":"https:\/\/www.saprima.de\/wp-content\/uploads\/saprima_final_transp.png","contentUrl":"https:\/\/www.saprima.de\/wp-content\/uploads\/saprima_final_transp.png","width":1468,"height":938,"caption":"saprima GmbH"},"image":{"@id":"https:\/\/www.saprima.de\/de\/#\/schema\/logo\/image\/"},"sameAs":["https:\/\/x.com\/saprima1","https:\/\/www.youtube.com\/user\/saprima2011"]},{"@type":"Person","@id":"https:\/\/www.saprima.de\/de\/#\/schema\/person\/ad9835e96a9b8c55346fb74b19524f5a","name":"Josef Weig","image":{"@type":"ImageObject","inLanguage":"en-GB","@id":"https:\/\/secure.gravatar.com\/avatar\/6c8803fc64c77db3934ceb7f665a70107ed8bb2d969ca0dbed9329ff23ca7b16?s=96&d=mm&r=g","url":"https:\/\/secure.gravatar.com\/avatar\/6c8803fc64c77db3934ceb7f665a70107ed8bb2d969ca0dbed9329ff23ca7b16?s=96&d=mm&r=g","contentUrl":"https:\/\/secure.gravatar.com\/avatar\/6c8803fc64c77db3934ceb7f665a70107ed8bb2d969ca0dbed9329ff23ca7b16?s=96&d=mm&r=g","caption":"Josef Weig"},"sameAs":["http:\/\/localhost:8000"]}]}},"_links":{"self":[{"href":"http:\/\/www.saprima.de\/en\/wp-json\/wp\/v2\/posts\/4739","targetHints":{"allow":["GET"]}}],"collection":[{"href":"http:\/\/www.saprima.de\/en\/wp-json\/wp\/v2\/posts"}],"about":[{"href":"http:\/\/www.saprima.de\/en\/wp-json\/wp\/v2\/types\/post"}],"author":[{"embeddable":true,"href":"http:\/\/www.saprima.de\/en\/wp-json\/wp\/v2\/users\/2"}],"replies":[{"embeddable":true,"href":"http:\/\/www.saprima.de\/en\/wp-json\/wp\/v2\/comments?post=4739"}],"version-history":[{"count":5,"href":"http:\/\/www.saprima.de\/en\/wp-json\/wp\/v2\/posts\/4739\/revisions"}],"predecessor-version":[{"id":5368,"href":"http:\/\/www.saprima.de\/en\/wp-json\/wp\/v2\/posts\/4739\/revisions\/5368"}],"wp:attachment":[{"href":"http:\/\/www.saprima.de\/en\/wp-json\/wp\/v2\/media?parent=4739"}],"wp:term":[{"taxonomy":"category","embeddable":true,"href":"http:\/\/www.saprima.de\/en\/wp-json\/wp\/v2\/categories?post=4739"},{"taxonomy":"post_tag","embeddable":true,"href":"http:\/\/www.saprima.de\/en\/wp-json\/wp\/v2\/tags?post=4739"}],"curies":[{"name":"wp","href":"https:\/\/api.w.org\/{rel}","templated":true}]}}