{"id":11264,"date":"2021-10-13T08:20:19","date_gmt":"2021-10-13T06:20:19","guid":{"rendered":"https:\/\/www.saprima.de\/?p=11264"},"modified":"2021-10-13T15:17:15","modified_gmt":"2021-10-13T13:17:15","slug":"visuelles-management-richtig-eingesetzt-21-10-2021-1100-uhr","status":"publish","type":"post","link":"https:\/\/www.saprima.de\/de\/visuelles-management-richtig-eingesetzt-21-10-2021-1100-uhr\/","title":{"rendered":"saprima unterst\u00fctzt Leanmanagement &#8211; 21.10.2021 &#8211; 11:00 Uhr"},"content":{"rendered":"\n<p><strong><p class=\"wpcf7-contact-form-not-found\"><strong>Fehler:<\/strong> Kontaktformular wurde nicht gefunden.<\/p><\/strong><\/p>\n\n\n\n<p>Komplexe Projekte lassen sich in der Ausf\u00fchrung mit den herk\u00f6mmlichen Mitteln, wie Gantt, schwierig steuern. Termin- und Rollenplanung haben sich diese klassischen Projektmethoden bew\u00e4hrt. F\u00fcr die Ausf\u00fchrungsphase ist eine visuelle Unterst\u00fctzung der Aufgaben aller Projektbeteiligten vorteilhaft.<\/p>\n\n\n\n<p>Die Anforderung: \u201e<strong>Projekte weit voraus als Wasserfall Projekt grob zu planen und mit Leanmanagement abzuarbeiten<\/strong>\u201c ist eine Herausforderung, die meist in unterschiedlichen Tools umgesetzt wird. Das bedeutet, dass die Langfristplanung und Kurzfristplanung auf unterschiedlichen Datenquellen basiert und meist nicht mehr zusammen gef\u00fchrt werden k\u00f6nnen.<\/p>\n\n\n\n<p>Eine Terminverschiebung in der kurzfristigen Planung kann zu einer Verschiebung in der Grobplanung f\u00fchren, was an der Stelle nicht mehr in die abstraktere Planung \u00fcbernommen wird. Ebenso kann die in der Kurzfristplanung im Lean Management Tool geplante Ressourcenkapazit\u00e4t nicht zusammen mit den geplanten Ressourcen in anderen Tools bewertet werden.<\/p>\n\n\n\n<p>Um Lean Management richtig umzusetzen, ist Flexibilit\u00e4t erforderlich, die durch folgende Wege erreicht werden kann:<\/p>\n\n\n\n<ul class=\"wp-block-list\"><li><strong>Langfristige Planung: Planung von Termin und Ressourcen auf Rollenebenen verplanen<\/strong><\/li><li><strong>Mittelfristige Planung: Rollen werden auf Personen ausgeplant<\/strong><\/li><li><strong>Kurzfristige Planung: Aufgaben \/ Tasks werden als Karten im Board abgearbeitet<\/strong><\/li><\/ul>\n\n\n\n<p>Diese Anforderung zeigen wir Ihnen in unserem Webinar, von der Grobplanung (Wasserfall, Gantt-Diagramm) bis zur Aufgabenverteilung im Lean Management Board. <a href=\"\/visuelles-management\/\" target=\"_blank\" rel=\"noreferrer noopener\">Lesen Sie hier, wie Lean Management mit saprima umgesetzt werden kann.<\/a><\/p>\n\n\n\n<p class=\"has-text-align-center\"><strong>Wir laden Sie herzlich zu unserem kommendem Webinar mit dem Thema &#8222;saprima unterst\u00fctzt Leanmanagement&#8220; am 21.10.2021 um 11.00 Uhr ein.<\/strong><\/p>\n\n\n\n<div style=\"height:25px\" aria-hidden=\"true\" class=\"wp-block-spacer\"><\/div>\n","protected":false},"excerpt":{"rendered":"<p>Komplexe Projekte lassen sich in der Ausf\u00fchrung mit den herk\u00f6mmlichen Mitteln, wie Gantt, schwierig steuern. Termin- und Rollenplanung haben sich diese klassischen Projektmethoden bew\u00e4hrt. F\u00fcr die Ausf\u00fchrungsphase ist eine visuelle&hellip; <br \/> <a class=\"read-more\" href=\"https:\/\/www.saprima.de\/de\/visuelles-management-richtig-eingesetzt-21-10-2021-1100-uhr\/\">Read more<\/a><\/p>\n","protected":false},"author":2,"featured_media":0,"comment_status":"closed","ping_status":"closed","sticky":false,"template":"","format":"standard","meta":{"_price":"","_stock":"","_tribe_ticket_header":"","_tribe_default_ticket_provider":"","_tribe_ticket_capacity":"0","_ticket_start_date":"","_ticket_end_date":"","_tribe_ticket_show_description":"","_tribe_ticket_show_not_going":false,"_tribe_ticket_use_global_stock":"","_tribe_ticket_global_stock_level":"","_global_stock_mode":"","_global_stock_cap":"","_tribe_rsvp_for_event":"","_tribe_ticket_going_count":"","_tribe_ticket_not_going_count":"","_tribe_tickets_list":"[]","_tribe_ticket_has_attendee_info_fields":false,"footnotes":""},"categories":[14],"tags":[],"class_list":["post-11264","post","type-post","status-publish","format-standard","hentry","category-webinare"],"yoast_head":"<!-- This site is optimized with the Yoast SEO plugin v27.5 - https:\/\/yoast.com\/product\/yoast-seo-wordpress\/ -->\n<title>saprima unterst\u00fctzt Leanmanagement - 21.10.2021 - 11:00 Uhr - saprima\u00ae - Compose your Success<\/title>\n<meta name=\"description\" content=\"Projektmanagement | Produktmanagement | Ressourcenmanagement kann so einfach sein. Nutzen Sie unser kostenlose Startparket: saprima Basic\" \/>\n<meta name=\"robots\" content=\"index, follow, max-snippet:-1, max-image-preview:large, max-video-preview:-1\" \/>\n<link rel=\"canonical\" href=\"https:\/\/www.saprima.de\/de\/visuelles-management-richtig-eingesetzt-21-10-2021-1100-uhr\/\" \/>\n<meta property=\"og:locale\" content=\"de_DE\" \/>\n<meta property=\"og:type\" content=\"article\" \/>\n<meta property=\"og:title\" content=\"saprima unterst\u00fctzt Leanmanagement - 21.10.2021 - 11:00 Uhr - saprima\u00ae - Compose your Success\" \/>\n<meta property=\"og:description\" content=\"Projektmanagement | Produktmanagement | Ressourcenmanagement kann so einfach sein. Nutzen Sie unser kostenlose Startparket: saprima Basic\" \/>\n<meta property=\"og:url\" content=\"https:\/\/www.saprima.de\/de\/visuelles-management-richtig-eingesetzt-21-10-2021-1100-uhr\/\" \/>\n<meta property=\"og:site_name\" content=\"saprima\u00ae - Compose your Success\" \/>\n<meta property=\"article:published_time\" content=\"2021-10-13T06:20:19+00:00\" \/>\n<meta property=\"article:modified_time\" content=\"2021-10-13T13:17:15+00:00\" \/>\n<meta name=\"author\" content=\"Josef Weig\" \/>\n<meta name=\"twitter:card\" content=\"summary_large_image\" \/>\n<meta name=\"twitter:creator\" content=\"@saprima1\" \/>\n<meta name=\"twitter:site\" content=\"@saprima1\" \/>\n<meta name=\"twitter:label1\" content=\"Verfasst von\" \/>\n\t<meta name=\"twitter:data1\" content=\"Josef Weig\" \/>\n\t<meta name=\"twitter:label2\" content=\"Gesch\u00e4tzte Lesezeit\" \/>\n\t<meta name=\"twitter:data2\" content=\"1\u00a0Minute\" \/>\n<script type=\"application\/ld+json\" class=\"yoast-schema-graph\">{\"@context\":\"https:\\\/\\\/schema.org\",\"@graph\":[{\"@type\":\"Article\",\"@id\":\"https:\\\/\\\/www.saprima.de\\\/visuelles-management-richtig-eingesetzt-21-10-2021-1100-uhr\\\/#article\",\"isPartOf\":{\"@id\":\"https:\\\/\\\/www.saprima.de\\\/visuelles-management-richtig-eingesetzt-21-10-2021-1100-uhr\\\/\"},\"author\":{\"name\":\"Josef Weig\",\"@id\":\"https:\\\/\\\/www.saprima.de\\\/de\\\/#\\\/schema\\\/person\\\/ad9835e96a9b8c55346fb74b19524f5a\"},\"headline\":\"saprima unterst\u00fctzt Leanmanagement &#8211; 21.10.2021 &#8211; 11:00 Uhr\",\"datePublished\":\"2021-10-13T06:20:19+00:00\",\"dateModified\":\"2021-10-13T13:17:15+00:00\",\"mainEntityOfPage\":{\"@id\":\"https:\\\/\\\/www.saprima.de\\\/visuelles-management-richtig-eingesetzt-21-10-2021-1100-uhr\\\/\"},\"wordCount\":245,\"publisher\":{\"@id\":\"https:\\\/\\\/www.saprima.de\\\/de\\\/#organization\"},\"articleSection\":[\"Webinare\"],\"inLanguage\":\"de\"},{\"@type\":\"WebPage\",\"@id\":\"https:\\\/\\\/www.saprima.de\\\/visuelles-management-richtig-eingesetzt-21-10-2021-1100-uhr\\\/\",\"url\":\"https:\\\/\\\/www.saprima.de\\\/visuelles-management-richtig-eingesetzt-21-10-2021-1100-uhr\\\/\",\"name\":\"saprima unterst\u00fctzt Leanmanagement - 21.10.2021 - 11:00 Uhr - saprima\u00ae - Compose your Success\",\"isPartOf\":{\"@id\":\"https:\\\/\\\/www.saprima.de\\\/de\\\/#website\"},\"datePublished\":\"2021-10-13T06:20:19+00:00\",\"dateModified\":\"2021-10-13T13:17:15+00:00\",\"description\":\"Projektmanagement | Produktmanagement | Ressourcenmanagement kann so einfach sein. Nutzen Sie unser kostenlose Startparket: saprima Basic\",\"breadcrumb\":{\"@id\":\"https:\\\/\\\/www.saprima.de\\\/visuelles-management-richtig-eingesetzt-21-10-2021-1100-uhr\\\/#breadcrumb\"},\"inLanguage\":\"de\",\"potentialAction\":[{\"@type\":\"ReadAction\",\"target\":[\"https:\\\/\\\/www.saprima.de\\\/visuelles-management-richtig-eingesetzt-21-10-2021-1100-uhr\\\/\"]}]},{\"@type\":\"BreadcrumbList\",\"@id\":\"https:\\\/\\\/www.saprima.de\\\/visuelles-management-richtig-eingesetzt-21-10-2021-1100-uhr\\\/#breadcrumb\",\"itemListElement\":[{\"@type\":\"ListItem\",\"position\":1,\"name\":\"Startseite\",\"item\":\"https:\\\/\\\/www.saprima.de\\\/\"},{\"@type\":\"ListItem\",\"position\":2,\"name\":\"saprima unterst\u00fctzt Leanmanagement &#8211; 21.10.2021 &#8211; 11:00 Uhr\"}]},{\"@type\":\"WebSite\",\"@id\":\"https:\\\/\\\/www.saprima.de\\\/de\\\/#website\",\"url\":\"https:\\\/\\\/www.saprima.de\\\/de\\\/\",\"name\":\"saprima\u00ae\",\"description\":\"\",\"publisher\":{\"@id\":\"https:\\\/\\\/www.saprima.de\\\/de\\\/#organization\"},\"potentialAction\":[{\"@type\":\"SearchAction\",\"target\":{\"@type\":\"EntryPoint\",\"urlTemplate\":\"https:\\\/\\\/www.saprima.de\\\/de\\\/?s={search_term_string}\"},\"query-input\":{\"@type\":\"PropertyValueSpecification\",\"valueRequired\":true,\"valueName\":\"search_term_string\"}}],\"inLanguage\":\"de\"},{\"@type\":\"Organization\",\"@id\":\"https:\\\/\\\/www.saprima.de\\\/de\\\/#organization\",\"name\":\"saprima GmbH\",\"url\":\"https:\\\/\\\/www.saprima.de\\\/de\\\/\",\"logo\":{\"@type\":\"ImageObject\",\"inLanguage\":\"de\",\"@id\":\"https:\\\/\\\/www.saprima.de\\\/de\\\/#\\\/schema\\\/logo\\\/image\\\/\",\"url\":\"https:\\\/\\\/www.saprima.de\\\/wp-content\\\/uploads\\\/saprima_final_transp.png\",\"contentUrl\":\"https:\\\/\\\/www.saprima.de\\\/wp-content\\\/uploads\\\/saprima_final_transp.png\",\"width\":1468,\"height\":938,\"caption\":\"saprima GmbH\"},\"image\":{\"@id\":\"https:\\\/\\\/www.saprima.de\\\/de\\\/#\\\/schema\\\/logo\\\/image\\\/\"},\"sameAs\":[\"https:\\\/\\\/x.com\\\/saprima1\",\"https:\\\/\\\/www.youtube.com\\\/user\\\/saprima2011\"]},{\"@type\":\"Person\",\"@id\":\"https:\\\/\\\/www.saprima.de\\\/de\\\/#\\\/schema\\\/person\\\/ad9835e96a9b8c55346fb74b19524f5a\",\"name\":\"Josef Weig\",\"image\":{\"@type\":\"ImageObject\",\"inLanguage\":\"de\",\"@id\":\"https:\\\/\\\/secure.gravatar.com\\\/avatar\\\/6c8803fc64c77db3934ceb7f665a70107ed8bb2d969ca0dbed9329ff23ca7b16?s=96&d=mm&r=g\",\"url\":\"https:\\\/\\\/secure.gravatar.com\\\/avatar\\\/6c8803fc64c77db3934ceb7f665a70107ed8bb2d969ca0dbed9329ff23ca7b16?s=96&d=mm&r=g\",\"contentUrl\":\"https:\\\/\\\/secure.gravatar.com\\\/avatar\\\/6c8803fc64c77db3934ceb7f665a70107ed8bb2d969ca0dbed9329ff23ca7b16?s=96&d=mm&r=g\",\"caption\":\"Josef Weig\"},\"sameAs\":[\"http:\\\/\\\/localhost:8000\"]}]}<\/script>\n<!-- \/ Yoast SEO plugin. -->","yoast_head_json":{"title":"saprima unterst\u00fctzt Leanmanagement - 21.10.2021 - 11:00 Uhr - saprima\u00ae - Compose your Success","description":"Projektmanagement | Produktmanagement | Ressourcenmanagement kann so einfach sein. Nutzen Sie unser kostenlose Startparket: saprima Basic","robots":{"index":"index","follow":"follow","max-snippet":"max-snippet:-1","max-image-preview":"max-image-preview:large","max-video-preview":"max-video-preview:-1"},"canonical":"https:\/\/www.saprima.de\/de\/visuelles-management-richtig-eingesetzt-21-10-2021-1100-uhr\/","og_locale":"de_DE","og_type":"article","og_title":"saprima unterst\u00fctzt Leanmanagement - 21.10.2021 - 11:00 Uhr - saprima\u00ae - Compose your Success","og_description":"Projektmanagement | Produktmanagement | Ressourcenmanagement kann so einfach sein. Nutzen Sie unser kostenlose Startparket: saprima Basic","og_url":"https:\/\/www.saprima.de\/de\/visuelles-management-richtig-eingesetzt-21-10-2021-1100-uhr\/","og_site_name":"saprima\u00ae - Compose your Success","article_published_time":"2021-10-13T06:20:19+00:00","article_modified_time":"2021-10-13T13:17:15+00:00","author":"Josef Weig","twitter_card":"summary_large_image","twitter_creator":"@saprima1","twitter_site":"@saprima1","twitter_misc":{"Verfasst von":"Josef Weig","Gesch\u00e4tzte Lesezeit":"1\u00a0Minute"},"schema":{"@context":"https:\/\/schema.org","@graph":[{"@type":"Article","@id":"https:\/\/www.saprima.de\/visuelles-management-richtig-eingesetzt-21-10-2021-1100-uhr\/#article","isPartOf":{"@id":"https:\/\/www.saprima.de\/visuelles-management-richtig-eingesetzt-21-10-2021-1100-uhr\/"},"author":{"name":"Josef Weig","@id":"https:\/\/www.saprima.de\/de\/#\/schema\/person\/ad9835e96a9b8c55346fb74b19524f5a"},"headline":"saprima unterst\u00fctzt Leanmanagement &#8211; 21.10.2021 &#8211; 11:00 Uhr","datePublished":"2021-10-13T06:20:19+00:00","dateModified":"2021-10-13T13:17:15+00:00","mainEntityOfPage":{"@id":"https:\/\/www.saprima.de\/visuelles-management-richtig-eingesetzt-21-10-2021-1100-uhr\/"},"wordCount":245,"publisher":{"@id":"https:\/\/www.saprima.de\/de\/#organization"},"articleSection":["Webinare"],"inLanguage":"de"},{"@type":"WebPage","@id":"https:\/\/www.saprima.de\/visuelles-management-richtig-eingesetzt-21-10-2021-1100-uhr\/","url":"https:\/\/www.saprima.de\/visuelles-management-richtig-eingesetzt-21-10-2021-1100-uhr\/","name":"saprima unterst\u00fctzt Leanmanagement - 21.10.2021 - 11:00 Uhr - saprima\u00ae - Compose your Success","isPartOf":{"@id":"https:\/\/www.saprima.de\/de\/#website"},"datePublished":"2021-10-13T06:20:19+00:00","dateModified":"2021-10-13T13:17:15+00:00","description":"Projektmanagement | Produktmanagement | Ressourcenmanagement kann so einfach sein. Nutzen Sie unser kostenlose Startparket: saprima Basic","breadcrumb":{"@id":"https:\/\/www.saprima.de\/visuelles-management-richtig-eingesetzt-21-10-2021-1100-uhr\/#breadcrumb"},"inLanguage":"de","potentialAction":[{"@type":"ReadAction","target":["https:\/\/www.saprima.de\/visuelles-management-richtig-eingesetzt-21-10-2021-1100-uhr\/"]}]},{"@type":"BreadcrumbList","@id":"https:\/\/www.saprima.de\/visuelles-management-richtig-eingesetzt-21-10-2021-1100-uhr\/#breadcrumb","itemListElement":[{"@type":"ListItem","position":1,"name":"Startseite","item":"https:\/\/www.saprima.de\/"},{"@type":"ListItem","position":2,"name":"saprima unterst\u00fctzt Leanmanagement &#8211; 21.10.2021 &#8211; 11:00 Uhr"}]},{"@type":"WebSite","@id":"https:\/\/www.saprima.de\/de\/#website","url":"https:\/\/www.saprima.de\/de\/","name":"saprima\u00ae","description":"","publisher":{"@id":"https:\/\/www.saprima.de\/de\/#organization"},"potentialAction":[{"@type":"SearchAction","target":{"@type":"EntryPoint","urlTemplate":"https:\/\/www.saprima.de\/de\/?s={search_term_string}"},"query-input":{"@type":"PropertyValueSpecification","valueRequired":true,"valueName":"search_term_string"}}],"inLanguage":"de"},{"@type":"Organization","@id":"https:\/\/www.saprima.de\/de\/#organization","name":"saprima GmbH","url":"https:\/\/www.saprima.de\/de\/","logo":{"@type":"ImageObject","inLanguage":"de","@id":"https:\/\/www.saprima.de\/de\/#\/schema\/logo\/image\/","url":"https:\/\/www.saprima.de\/wp-content\/uploads\/saprima_final_transp.png","contentUrl":"https:\/\/www.saprima.de\/wp-content\/uploads\/saprima_final_transp.png","width":1468,"height":938,"caption":"saprima GmbH"},"image":{"@id":"https:\/\/www.saprima.de\/de\/#\/schema\/logo\/image\/"},"sameAs":["https:\/\/x.com\/saprima1","https:\/\/www.youtube.com\/user\/saprima2011"]},{"@type":"Person","@id":"https:\/\/www.saprima.de\/de\/#\/schema\/person\/ad9835e96a9b8c55346fb74b19524f5a","name":"Josef Weig","image":{"@type":"ImageObject","inLanguage":"de","@id":"https:\/\/secure.gravatar.com\/avatar\/6c8803fc64c77db3934ceb7f665a70107ed8bb2d969ca0dbed9329ff23ca7b16?s=96&d=mm&r=g","url":"https:\/\/secure.gravatar.com\/avatar\/6c8803fc64c77db3934ceb7f665a70107ed8bb2d969ca0dbed9329ff23ca7b16?s=96&d=mm&r=g","contentUrl":"https:\/\/secure.gravatar.com\/avatar\/6c8803fc64c77db3934ceb7f665a70107ed8bb2d969ca0dbed9329ff23ca7b16?s=96&d=mm&r=g","caption":"Josef Weig"},"sameAs":["http:\/\/localhost:8000"]}]}},"_links":{"self":[{"href":"https:\/\/www.saprima.de\/de\/wp-json\/wp\/v2\/posts\/11264","targetHints":{"allow":["GET"]}}],"collection":[{"href":"https:\/\/www.saprima.de\/de\/wp-json\/wp\/v2\/posts"}],"about":[{"href":"https:\/\/www.saprima.de\/de\/wp-json\/wp\/v2\/types\/post"}],"author":[{"embeddable":true,"href":"https:\/\/www.saprima.de\/de\/wp-json\/wp\/v2\/users\/2"}],"replies":[{"embeddable":true,"href":"https:\/\/www.saprima.de\/de\/wp-json\/wp\/v2\/comments?post=11264"}],"version-history":[{"count":4,"href":"https:\/\/www.saprima.de\/de\/wp-json\/wp\/v2\/posts\/11264\/revisions"}],"predecessor-version":[{"id":11302,"href":"https:\/\/www.saprima.de\/de\/wp-json\/wp\/v2\/posts\/11264\/revisions\/11302"}],"wp:attachment":[{"href":"https:\/\/www.saprima.de\/de\/wp-json\/wp\/v2\/media?parent=11264"}],"wp:term":[{"taxonomy":"category","embeddable":true,"href":"https:\/\/www.saprima.de\/de\/wp-json\/wp\/v2\/categories?post=11264"},{"taxonomy":"post_tag","embeddable":true,"href":"https:\/\/www.saprima.de\/de\/wp-json\/wp\/v2\/tags?post=11264"}],"curies":[{"name":"wp","href":"https:\/\/api.w.org\/{rel}","templated":true}]}}