{"id":12069,"date":"2022-02-16T15:39:33","date_gmt":"2022-02-16T14:39:33","guid":{"rendered":"https:\/\/www.saprima.de\/?p=12069"},"modified":"2022-02-18T14:04:54","modified_gmt":"2022-02-18T13:04:54","slug":"saprima-gestutztes-projektmanagement-von-der-idee-bis-zum-projektende-24-02-2022-1100-uhr","status":"publish","type":"post","link":"https:\/\/www.saprima.de\/de\/saprima-gestutztes-projektmanagement-von-der-idee-bis-zum-projektende-24-02-2022-1100-uhr\/","title":{"rendered":"saprima-gest\u00fctztes Projektmanagement von der Idee bis zum Projektende &#8211; 24.02.2022 &#8211; 11:00 Uhr"},"content":{"rendered":"\n<p>Oft kommt es vor, dass Projekte nur zum Anfang toolgest\u00fctzt geplant werden. Die Fortschreibung und immer wieder neue \u00dcberplanung der Projekte wird meist nicht im Tool durchgef\u00fchrt.<\/p>\n\n\n\n<p>Genauso wie eine gute Planung vor dem Projekt, ist es wichtig die Planung bis zum Ende des Projektes stets anzupassen. Man sollte w\u00e4hrend es Projektes zu jedem Zeitpunkt den Soll Ist- Vergleich oder sogar den Earned-Value ermitteln k\u00f6nnen.<\/p>\n\n\n\n<p>Voraussetzung daf\u00fcr ist, zu&nbsp; bestimmten Zeitpunkten den IST-Zustand des Projektes abzufragen und zu ber\u00fccksichtigen. Dies erfordert, gerade bei vielen Beteiligten einen sehr hohen Aufwand f\u00fcr den Projektleiter die Daten regelm\u00e4\u00dfig einzusammeln, was an Sisyphus-Arbeit grenzt.<\/p>\n\n\n\n<p><strong>saprima bietet hier eine Sammlung von Tools und Methoden, Projektplanung in jeder Phase des Projektes zu unterst\u00fctzen und die Eingabe der Daten zu dezentralisieren!<\/strong><\/p>\n\n\n\n<ul class=\"wp-block-list\"><li>Portfoliomanagement \/ Projekt Roadmap<\/li><li>Terminplanung klassisch im GANTT<\/li><li>Abarbeiten incl. IST-Meldung im Kanban<\/li><li>Roadmap-Planung in interaktiver Zeitscheibenansicht<\/li><li>Earned-Value Analysen<\/li><li>Individuelles Reporting incl. Dashboards<\/li><\/ul>\n\n\n\n<p class=\"has-text-align-center\"><strong><a href=\"https:\/\/teams.microsoft.com\/registration\/_CmzzIWyjEaszVwJymr-0g,39l1es0F0keAa4OVZNY58A,0TdC9mIqiU6LctYqmq7P-A,4xe783uFCEe1hXwH1ZL5dw,6GKcrJ0sck-F61RawfvbYA,Jpx_MvVphUejKrpRfXGPMw?mode=read&amp;tenantId=ccb329fc-b285-468c-accd-5c09ca6afed2\">Wir laden Sie herzlich zu unserem kommendem Webinar am 24.2.2022 um 11.00 Uhr ein, um Ihnen diese Tools und Methoden in saprima vorzustellen.<\/a><\/strong><\/p>\n","protected":false},"excerpt":{"rendered":"<p>Oft kommt es vor, dass Projekte nur zum Anfang toolgest\u00fctzt geplant werden. Die Fortschreibung und immer wieder neue \u00dcberplanung der Projekte wird meist nicht im Tool durchgef\u00fchrt. Genauso wie eine&hellip; <br \/> <a class=\"read-more\" href=\"https:\/\/www.saprima.de\/de\/saprima-gestutztes-projektmanagement-von-der-idee-bis-zum-projektende-24-02-2022-1100-uhr\/\">Read more<\/a><\/p>\n","protected":false},"author":2,"featured_media":0,"comment_status":"closed","ping_status":"closed","sticky":false,"template":"","format":"standard","meta":{"_price":"","_stock":"","_tribe_ticket_header":"","_tribe_default_ticket_provider":"","_tribe_ticket_capacity":"0","_ticket_start_date":"","_ticket_end_date":"","_tribe_ticket_show_description":"","_tribe_ticket_show_not_going":false,"_tribe_ticket_use_global_stock":"","_tribe_ticket_global_stock_level":"","_global_stock_mode":"","_global_stock_cap":"","_tribe_rsvp_for_event":"","_tribe_ticket_going_count":"","_tribe_ticket_not_going_count":"","_tribe_tickets_list":"[]","_tribe_ticket_has_attendee_info_fields":false,"footnotes":""},"categories":[14],"tags":[],"class_list":["post-12069","post","type-post","status-publish","format-standard","hentry","category-webinare"],"yoast_head":"<!-- This site is optimized with the Yoast SEO plugin v27.5 - https:\/\/yoast.com\/product\/yoast-seo-wordpress\/ -->\n<title>saprima-gest\u00fctztes Projektmanagement von der Idee bis zum Projektende - 24.02.2022 - 11:00 Uhr - saprima\u00ae - Compose your Success<\/title>\n<meta name=\"description\" content=\"Projektmanagement | Produktmanagement | Ressourcenmanagement kann so einfach sein. Nutzen Sie unser kostenlose Startparket: saprima Basic\" \/>\n<meta name=\"robots\" content=\"index, follow, max-snippet:-1, max-image-preview:large, max-video-preview:-1\" \/>\n<link rel=\"canonical\" href=\"https:\/\/www.saprima.de\/de\/saprima-gestutztes-projektmanagement-von-der-idee-bis-zum-projektende-24-02-2022-1100-uhr\/\" \/>\n<meta property=\"og:locale\" content=\"de_DE\" \/>\n<meta property=\"og:type\" content=\"article\" \/>\n<meta property=\"og:title\" content=\"saprima-gest\u00fctztes Projektmanagement von der Idee bis zum Projektende - 24.02.2022 - 11:00 Uhr - saprima\u00ae - Compose your Success\" \/>\n<meta property=\"og:description\" content=\"Projektmanagement | Produktmanagement | Ressourcenmanagement kann so einfach sein. Nutzen Sie unser kostenlose Startparket: saprima Basic\" \/>\n<meta property=\"og:url\" content=\"https:\/\/www.saprima.de\/de\/saprima-gestutztes-projektmanagement-von-der-idee-bis-zum-projektende-24-02-2022-1100-uhr\/\" \/>\n<meta property=\"og:site_name\" content=\"saprima\u00ae - Compose your Success\" \/>\n<meta property=\"article:published_time\" content=\"2022-02-16T14:39:33+00:00\" \/>\n<meta property=\"article:modified_time\" content=\"2022-02-18T13:04:54+00:00\" \/>\n<meta name=\"author\" content=\"Josef Weig\" \/>\n<meta name=\"twitter:card\" content=\"summary_large_image\" \/>\n<meta name=\"twitter:creator\" content=\"@saprima1\" \/>\n<meta name=\"twitter:site\" content=\"@saprima1\" \/>\n<meta name=\"twitter:label1\" content=\"Verfasst von\" \/>\n\t<meta name=\"twitter:data1\" content=\"Josef Weig\" \/>\n\t<meta name=\"twitter:label2\" content=\"Gesch\u00e4tzte Lesezeit\" \/>\n\t<meta name=\"twitter:data2\" content=\"1\u00a0Minute\" \/>\n<script type=\"application\/ld+json\" class=\"yoast-schema-graph\">{\"@context\":\"https:\\\/\\\/schema.org\",\"@graph\":[{\"@type\":\"Article\",\"@id\":\"https:\\\/\\\/www.saprima.de\\\/saprima-gestutztes-projektmanagement-von-der-idee-bis-zum-projektende-24-02-2022-1100-uhr\\\/#article\",\"isPartOf\":{\"@id\":\"https:\\\/\\\/www.saprima.de\\\/saprima-gestutztes-projektmanagement-von-der-idee-bis-zum-projektende-24-02-2022-1100-uhr\\\/\"},\"author\":{\"name\":\"Josef Weig\",\"@id\":\"https:\\\/\\\/www.saprima.de\\\/de\\\/#\\\/schema\\\/person\\\/ad9835e96a9b8c55346fb74b19524f5a\"},\"headline\":\"saprima-gest\u00fctztes Projektmanagement von der Idee bis zum Projektende &#8211; 24.02.2022 &#8211; 11:00 Uhr\",\"datePublished\":\"2022-02-16T14:39:33+00:00\",\"dateModified\":\"2022-02-18T13:04:54+00:00\",\"mainEntityOfPage\":{\"@id\":\"https:\\\/\\\/www.saprima.de\\\/saprima-gestutztes-projektmanagement-von-der-idee-bis-zum-projektende-24-02-2022-1100-uhr\\\/\"},\"wordCount\":189,\"publisher\":{\"@id\":\"https:\\\/\\\/www.saprima.de\\\/de\\\/#organization\"},\"articleSection\":[\"Webinare\"],\"inLanguage\":\"de\"},{\"@type\":\"WebPage\",\"@id\":\"https:\\\/\\\/www.saprima.de\\\/saprima-gestutztes-projektmanagement-von-der-idee-bis-zum-projektende-24-02-2022-1100-uhr\\\/\",\"url\":\"https:\\\/\\\/www.saprima.de\\\/saprima-gestutztes-projektmanagement-von-der-idee-bis-zum-projektende-24-02-2022-1100-uhr\\\/\",\"name\":\"saprima-gest\u00fctztes Projektmanagement von der Idee bis zum Projektende - 24.02.2022 - 11:00 Uhr - saprima\u00ae - Compose your Success\",\"isPartOf\":{\"@id\":\"https:\\\/\\\/www.saprima.de\\\/de\\\/#website\"},\"datePublished\":\"2022-02-16T14:39:33+00:00\",\"dateModified\":\"2022-02-18T13:04:54+00:00\",\"description\":\"Projektmanagement | Produktmanagement | Ressourcenmanagement kann so einfach sein. Nutzen Sie unser kostenlose Startparket: saprima Basic\",\"breadcrumb\":{\"@id\":\"https:\\\/\\\/www.saprima.de\\\/saprima-gestutztes-projektmanagement-von-der-idee-bis-zum-projektende-24-02-2022-1100-uhr\\\/#breadcrumb\"},\"inLanguage\":\"de\",\"potentialAction\":[{\"@type\":\"ReadAction\",\"target\":[\"https:\\\/\\\/www.saprima.de\\\/saprima-gestutztes-projektmanagement-von-der-idee-bis-zum-projektende-24-02-2022-1100-uhr\\\/\"]}]},{\"@type\":\"BreadcrumbList\",\"@id\":\"https:\\\/\\\/www.saprima.de\\\/saprima-gestutztes-projektmanagement-von-der-idee-bis-zum-projektende-24-02-2022-1100-uhr\\\/#breadcrumb\",\"itemListElement\":[{\"@type\":\"ListItem\",\"position\":1,\"name\":\"Startseite\",\"item\":\"https:\\\/\\\/www.saprima.de\\\/\"},{\"@type\":\"ListItem\",\"position\":2,\"name\":\"saprima-gest\u00fctztes Projektmanagement von der Idee bis zum Projektende &#8211; 24.02.2022 &#8211; 11:00 Uhr\"}]},{\"@type\":\"WebSite\",\"@id\":\"https:\\\/\\\/www.saprima.de\\\/de\\\/#website\",\"url\":\"https:\\\/\\\/www.saprima.de\\\/de\\\/\",\"name\":\"saprima\u00ae\",\"description\":\"\",\"publisher\":{\"@id\":\"https:\\\/\\\/www.saprima.de\\\/de\\\/#organization\"},\"potentialAction\":[{\"@type\":\"SearchAction\",\"target\":{\"@type\":\"EntryPoint\",\"urlTemplate\":\"https:\\\/\\\/www.saprima.de\\\/de\\\/?s={search_term_string}\"},\"query-input\":{\"@type\":\"PropertyValueSpecification\",\"valueRequired\":true,\"valueName\":\"search_term_string\"}}],\"inLanguage\":\"de\"},{\"@type\":\"Organization\",\"@id\":\"https:\\\/\\\/www.saprima.de\\\/de\\\/#organization\",\"name\":\"saprima GmbH\",\"url\":\"https:\\\/\\\/www.saprima.de\\\/de\\\/\",\"logo\":{\"@type\":\"ImageObject\",\"inLanguage\":\"de\",\"@id\":\"https:\\\/\\\/www.saprima.de\\\/de\\\/#\\\/schema\\\/logo\\\/image\\\/\",\"url\":\"https:\\\/\\\/www.saprima.de\\\/wp-content\\\/uploads\\\/saprima_final_transp.png\",\"contentUrl\":\"https:\\\/\\\/www.saprima.de\\\/wp-content\\\/uploads\\\/saprima_final_transp.png\",\"width\":1468,\"height\":938,\"caption\":\"saprima GmbH\"},\"image\":{\"@id\":\"https:\\\/\\\/www.saprima.de\\\/de\\\/#\\\/schema\\\/logo\\\/image\\\/\"},\"sameAs\":[\"https:\\\/\\\/x.com\\\/saprima1\",\"https:\\\/\\\/www.youtube.com\\\/user\\\/saprima2011\"]},{\"@type\":\"Person\",\"@id\":\"https:\\\/\\\/www.saprima.de\\\/de\\\/#\\\/schema\\\/person\\\/ad9835e96a9b8c55346fb74b19524f5a\",\"name\":\"Josef Weig\",\"image\":{\"@type\":\"ImageObject\",\"inLanguage\":\"de\",\"@id\":\"https:\\\/\\\/secure.gravatar.com\\\/avatar\\\/6c8803fc64c77db3934ceb7f665a70107ed8bb2d969ca0dbed9329ff23ca7b16?s=96&d=mm&r=g\",\"url\":\"https:\\\/\\\/secure.gravatar.com\\\/avatar\\\/6c8803fc64c77db3934ceb7f665a70107ed8bb2d969ca0dbed9329ff23ca7b16?s=96&d=mm&r=g\",\"contentUrl\":\"https:\\\/\\\/secure.gravatar.com\\\/avatar\\\/6c8803fc64c77db3934ceb7f665a70107ed8bb2d969ca0dbed9329ff23ca7b16?s=96&d=mm&r=g\",\"caption\":\"Josef Weig\"},\"sameAs\":[\"http:\\\/\\\/localhost:8000\"]}]}<\/script>\n<!-- \/ Yoast SEO plugin. -->","yoast_head_json":{"title":"saprima-gest\u00fctztes Projektmanagement von der Idee bis zum Projektende - 24.02.2022 - 11:00 Uhr - saprima\u00ae - Compose your Success","description":"Projektmanagement | Produktmanagement | Ressourcenmanagement kann so einfach sein. Nutzen Sie unser kostenlose Startparket: saprima Basic","robots":{"index":"index","follow":"follow","max-snippet":"max-snippet:-1","max-image-preview":"max-image-preview:large","max-video-preview":"max-video-preview:-1"},"canonical":"https:\/\/www.saprima.de\/de\/saprima-gestutztes-projektmanagement-von-der-idee-bis-zum-projektende-24-02-2022-1100-uhr\/","og_locale":"de_DE","og_type":"article","og_title":"saprima-gest\u00fctztes Projektmanagement von der Idee bis zum Projektende - 24.02.2022 - 11:00 Uhr - saprima\u00ae - Compose your Success","og_description":"Projektmanagement | Produktmanagement | Ressourcenmanagement kann so einfach sein. Nutzen Sie unser kostenlose Startparket: saprima Basic","og_url":"https:\/\/www.saprima.de\/de\/saprima-gestutztes-projektmanagement-von-der-idee-bis-zum-projektende-24-02-2022-1100-uhr\/","og_site_name":"saprima\u00ae - Compose your Success","article_published_time":"2022-02-16T14:39:33+00:00","article_modified_time":"2022-02-18T13:04:54+00:00","author":"Josef Weig","twitter_card":"summary_large_image","twitter_creator":"@saprima1","twitter_site":"@saprima1","twitter_misc":{"Verfasst von":"Josef Weig","Gesch\u00e4tzte Lesezeit":"1\u00a0Minute"},"schema":{"@context":"https:\/\/schema.org","@graph":[{"@type":"Article","@id":"https:\/\/www.saprima.de\/saprima-gestutztes-projektmanagement-von-der-idee-bis-zum-projektende-24-02-2022-1100-uhr\/#article","isPartOf":{"@id":"https:\/\/www.saprima.de\/saprima-gestutztes-projektmanagement-von-der-idee-bis-zum-projektende-24-02-2022-1100-uhr\/"},"author":{"name":"Josef Weig","@id":"https:\/\/www.saprima.de\/de\/#\/schema\/person\/ad9835e96a9b8c55346fb74b19524f5a"},"headline":"saprima-gest\u00fctztes Projektmanagement von der Idee bis zum Projektende &#8211; 24.02.2022 &#8211; 11:00 Uhr","datePublished":"2022-02-16T14:39:33+00:00","dateModified":"2022-02-18T13:04:54+00:00","mainEntityOfPage":{"@id":"https:\/\/www.saprima.de\/saprima-gestutztes-projektmanagement-von-der-idee-bis-zum-projektende-24-02-2022-1100-uhr\/"},"wordCount":189,"publisher":{"@id":"https:\/\/www.saprima.de\/de\/#organization"},"articleSection":["Webinare"],"inLanguage":"de"},{"@type":"WebPage","@id":"https:\/\/www.saprima.de\/saprima-gestutztes-projektmanagement-von-der-idee-bis-zum-projektende-24-02-2022-1100-uhr\/","url":"https:\/\/www.saprima.de\/saprima-gestutztes-projektmanagement-von-der-idee-bis-zum-projektende-24-02-2022-1100-uhr\/","name":"saprima-gest\u00fctztes Projektmanagement von der Idee bis zum Projektende - 24.02.2022 - 11:00 Uhr - saprima\u00ae - Compose your Success","isPartOf":{"@id":"https:\/\/www.saprima.de\/de\/#website"},"datePublished":"2022-02-16T14:39:33+00:00","dateModified":"2022-02-18T13:04:54+00:00","description":"Projektmanagement | Produktmanagement | Ressourcenmanagement kann so einfach sein. Nutzen Sie unser kostenlose Startparket: saprima Basic","breadcrumb":{"@id":"https:\/\/www.saprima.de\/saprima-gestutztes-projektmanagement-von-der-idee-bis-zum-projektende-24-02-2022-1100-uhr\/#breadcrumb"},"inLanguage":"de","potentialAction":[{"@type":"ReadAction","target":["https:\/\/www.saprima.de\/saprima-gestutztes-projektmanagement-von-der-idee-bis-zum-projektende-24-02-2022-1100-uhr\/"]}]},{"@type":"BreadcrumbList","@id":"https:\/\/www.saprima.de\/saprima-gestutztes-projektmanagement-von-der-idee-bis-zum-projektende-24-02-2022-1100-uhr\/#breadcrumb","itemListElement":[{"@type":"ListItem","position":1,"name":"Startseite","item":"https:\/\/www.saprima.de\/"},{"@type":"ListItem","position":2,"name":"saprima-gest\u00fctztes Projektmanagement von der Idee bis zum Projektende &#8211; 24.02.2022 &#8211; 11:00 Uhr"}]},{"@type":"WebSite","@id":"https:\/\/www.saprima.de\/de\/#website","url":"https:\/\/www.saprima.de\/de\/","name":"saprima\u00ae","description":"","publisher":{"@id":"https:\/\/www.saprima.de\/de\/#organization"},"potentialAction":[{"@type":"SearchAction","target":{"@type":"EntryPoint","urlTemplate":"https:\/\/www.saprima.de\/de\/?s={search_term_string}"},"query-input":{"@type":"PropertyValueSpecification","valueRequired":true,"valueName":"search_term_string"}}],"inLanguage":"de"},{"@type":"Organization","@id":"https:\/\/www.saprima.de\/de\/#organization","name":"saprima GmbH","url":"https:\/\/www.saprima.de\/de\/","logo":{"@type":"ImageObject","inLanguage":"de","@id":"https:\/\/www.saprima.de\/de\/#\/schema\/logo\/image\/","url":"https:\/\/www.saprima.de\/wp-content\/uploads\/saprima_final_transp.png","contentUrl":"https:\/\/www.saprima.de\/wp-content\/uploads\/saprima_final_transp.png","width":1468,"height":938,"caption":"saprima GmbH"},"image":{"@id":"https:\/\/www.saprima.de\/de\/#\/schema\/logo\/image\/"},"sameAs":["https:\/\/x.com\/saprima1","https:\/\/www.youtube.com\/user\/saprima2011"]},{"@type":"Person","@id":"https:\/\/www.saprima.de\/de\/#\/schema\/person\/ad9835e96a9b8c55346fb74b19524f5a","name":"Josef Weig","image":{"@type":"ImageObject","inLanguage":"de","@id":"https:\/\/secure.gravatar.com\/avatar\/6c8803fc64c77db3934ceb7f665a70107ed8bb2d969ca0dbed9329ff23ca7b16?s=96&d=mm&r=g","url":"https:\/\/secure.gravatar.com\/avatar\/6c8803fc64c77db3934ceb7f665a70107ed8bb2d969ca0dbed9329ff23ca7b16?s=96&d=mm&r=g","contentUrl":"https:\/\/secure.gravatar.com\/avatar\/6c8803fc64c77db3934ceb7f665a70107ed8bb2d969ca0dbed9329ff23ca7b16?s=96&d=mm&r=g","caption":"Josef Weig"},"sameAs":["http:\/\/localhost:8000"]}]}},"_links":{"self":[{"href":"https:\/\/www.saprima.de\/de\/wp-json\/wp\/v2\/posts\/12069","targetHints":{"allow":["GET"]}}],"collection":[{"href":"https:\/\/www.saprima.de\/de\/wp-json\/wp\/v2\/posts"}],"about":[{"href":"https:\/\/www.saprima.de\/de\/wp-json\/wp\/v2\/types\/post"}],"author":[{"embeddable":true,"href":"https:\/\/www.saprima.de\/de\/wp-json\/wp\/v2\/users\/2"}],"replies":[{"embeddable":true,"href":"https:\/\/www.saprima.de\/de\/wp-json\/wp\/v2\/comments?post=12069"}],"version-history":[{"count":1,"href":"https:\/\/www.saprima.de\/de\/wp-json\/wp\/v2\/posts\/12069\/revisions"}],"predecessor-version":[{"id":12071,"href":"https:\/\/www.saprima.de\/de\/wp-json\/wp\/v2\/posts\/12069\/revisions\/12071"}],"wp:attachment":[{"href":"https:\/\/www.saprima.de\/de\/wp-json\/wp\/v2\/media?parent=12069"}],"wp:term":[{"taxonomy":"category","embeddable":true,"href":"https:\/\/www.saprima.de\/de\/wp-json\/wp\/v2\/categories?post=12069"},{"taxonomy":"post_tag","embeddable":true,"href":"https:\/\/www.saprima.de\/de\/wp-json\/wp\/v2\/tags?post=12069"}],"curies":[{"name":"wp","href":"https:\/\/api.w.org\/{rel}","templated":true}]}}