{"id":20026,"date":"2023-10-24T10:11:45","date_gmt":"2023-10-24T08:11:45","guid":{"rendered":"https:\/\/www.saprima.de\/?p=20026"},"modified":"2023-10-25T09:22:51","modified_gmt":"2023-10-25T07:22:51","slug":"m20231102","status":"publish","type":"post","link":"https:\/\/www.saprima.de\/de\/m20231102\/","title":{"rendered":"Lean Management mit saprima\u00ae am 02.11.2023 um 11:00 Uhr"},"content":{"rendered":"\n<p class=\"wpcf7-contact-form-not-found\"><strong>Fehler:<\/strong> Kontaktformular wurde nicht gefunden.<\/p>\n\n\n\n<p class=\"has-medium-font-size\"><strong>saprima<\/strong> <strong>Webinar &#8222;<strong>Lean Management mit saprima<sup>\u00ae<\/sup><\/strong>&#8220; am 02.11.2023 11:00 Uhr<\/strong><\/p>\n\n\n\n<p class=\"has-medium-font-size\">Nahezu jeder kennt die Probleme, die auftreten k\u00f6nnen, wenn es gilt, ein Projekt zu realisieren:<\/p>\n\n\n\n<p>\u2013 Anforderungen werden vom Kunden w\u00e4hrend der Durchf\u00fchrung ge\u00e4ndert<br>\u2013 eine Mitarbeiterin oder ein Mitarbeiter ist ausgefallen<br>\u2013 Lieferungen treffen nicht zum vereinbarten Zeitpunkt ein<br>\u2013 Subunternehmen k\u00f6nnen den Terminplan nicht einhalten<br>\u2013 \u2026<\/p>\n\n\n\n<p class=\"has-text-align-center has-medium-font-size\"><strong><em>Durch den Einsatz von saprima ist es m\u00f6glich, detaillierte Umplanungen in kurzen und definierten Intervallen umzusetzen.<\/em><\/strong><\/p>\n\n\n\n<p class=\"has-medium-font-size\">In diesem Webinar zeigen wir Ihnen, wie ein Projekt mit <strong>Kanban<\/strong> oder\/und einer <strong>Zeittabelle<\/strong> durchgef\u00fchrt wird, obwohl urspr\u00fcnglich in saprima nach der <strong>Wasserfallmethode <\/strong>geplant wurde.<\/p>\n\n\n\n<p class=\"has-medium-font-size\">Sollten Sie am 02.11.2023 keine Zeit haben, k\u00f6nnen Sie uns gerne kontaktieren und einen Termin f\u00fcr ein pers\u00f6nliches Webinar vereinbaren. In diesem Fall k\u00f6nnen wir direkt im Live-System auf Ihre Anforderungen eingehen.<\/p>\n\n\n\n<p class=\"has-medium-font-size\"><strong><u><a href=\"https:\/\/www.saprima.de\/de\/kontakt\/\">Termin vereinbaren <\/a><\/u><\/strong><\/p>\n\n\n\n<p class=\"has-medium-font-size\">oder<\/p>\n\n\n\n<p class=\"has-medium-font-size\"><strong>Tel.: 0871\/202166-22 E-Mail: info@saprima.de<\/strong><\/p>\n","protected":false},"excerpt":{"rendered":"<p>saprima Webinar &#8222;Lean Management mit saprima\u00ae&#8220; am 02.11.2023 11:00 Uhr Nahezu jeder kennt die Probleme, die auftreten k\u00f6nnen, wenn es gilt, ein Projekt zu realisieren: \u2013 Anforderungen werden vom Kunden&hellip; <br \/> <a class=\"read-more\" href=\"https:\/\/www.saprima.de\/de\/m20231102\/\">Read more<\/a><\/p>\n","protected":false},"author":2,"featured_media":0,"comment_status":"closed","ping_status":"closed","sticky":false,"template":"","format":"standard","meta":{"_price":"","_stock":"","_tribe_ticket_header":"","_tribe_default_ticket_provider":"","_tribe_ticket_capacity":"0","_ticket_start_date":"","_ticket_end_date":"","_tribe_ticket_show_description":"","_tribe_ticket_show_not_going":false,"_tribe_ticket_use_global_stock":"","_tribe_ticket_global_stock_level":"","_global_stock_mode":"","_global_stock_cap":"","_tribe_rsvp_for_event":"","_tribe_ticket_going_count":"","_tribe_ticket_not_going_count":"","_tribe_tickets_list":"[]","_tribe_ticket_has_attendee_info_fields":false,"footnotes":""},"categories":[14],"tags":[22,23,145,137,19,30,117,18,115],"class_list":["post-20026","post","type-post","status-publish","format-standard","hentry","category-webinare","tag-agiles-projektmanagement","tag-kanban","tag-leanmanagement","tag-plantafel","tag-portfoliomanagement","tag-projektmanagement","tag-projektmanagement-software","tag-ressourcenmanagement","tag-webinar"],"yoast_head":"<!-- This site is optimized with the Yoast SEO plugin v27.5 - https:\/\/yoast.com\/product\/yoast-seo-wordpress\/ -->\n<title>Lean Management mit saprima\u00ae am 02.11.2023 um 11:00 Uhr - saprima\u00ae - Compose your Success<\/title>\n<meta name=\"description\" content=\"Projektmanagement | Produktmanagement | Ressourcenmanagement kann so einfach sein. Nutzen Sie unser kostenlose Startparket: saprima Basic\" \/>\n<meta name=\"robots\" content=\"index, follow, max-snippet:-1, max-image-preview:large, max-video-preview:-1\" \/>\n<link rel=\"canonical\" href=\"https:\/\/www.saprima.de\/de\/m20231102\/\" \/>\n<meta property=\"og:locale\" content=\"de_DE\" \/>\n<meta property=\"og:type\" content=\"article\" \/>\n<meta property=\"og:title\" content=\"Lean Management mit saprima\u00ae am 02.11.2023 um 11:00 Uhr - saprima\u00ae - Compose your Success\" \/>\n<meta property=\"og:description\" content=\"Projektmanagement | Produktmanagement | Ressourcenmanagement kann so einfach sein. Nutzen Sie unser kostenlose Startparket: saprima Basic\" \/>\n<meta property=\"og:url\" content=\"https:\/\/www.saprima.de\/de\/m20231102\/\" \/>\n<meta property=\"og:site_name\" content=\"saprima\u00ae - Compose your Success\" \/>\n<meta property=\"article:published_time\" content=\"2023-10-24T08:11:45+00:00\" \/>\n<meta property=\"article:modified_time\" content=\"2023-10-25T07:22:51+00:00\" \/>\n<meta name=\"author\" content=\"Josef Weig\" \/>\n<meta name=\"twitter:card\" content=\"summary_large_image\" \/>\n<meta name=\"twitter:creator\" content=\"@saprima1\" \/>\n<meta name=\"twitter:site\" content=\"@saprima1\" \/>\n<meta name=\"twitter:label1\" content=\"Verfasst von\" \/>\n\t<meta name=\"twitter:data1\" content=\"Josef Weig\" \/>\n\t<meta name=\"twitter:label2\" content=\"Gesch\u00e4tzte Lesezeit\" \/>\n\t<meta name=\"twitter:data2\" content=\"1\u00a0Minute\" \/>\n<script type=\"application\/ld+json\" class=\"yoast-schema-graph\">{\"@context\":\"https:\\\/\\\/schema.org\",\"@graph\":[{\"@type\":\"Article\",\"@id\":\"https:\\\/\\\/www.saprima.de\\\/m20231102\\\/#article\",\"isPartOf\":{\"@id\":\"https:\\\/\\\/www.saprima.de\\\/m20231102\\\/\"},\"author\":{\"name\":\"Josef Weig\",\"@id\":\"https:\\\/\\\/www.saprima.de\\\/de\\\/#\\\/schema\\\/person\\\/ad9835e96a9b8c55346fb74b19524f5a\"},\"headline\":\"Lean Management mit saprima\u00ae am 02.11.2023 um 11:00 Uhr\",\"datePublished\":\"2023-10-24T08:11:45+00:00\",\"dateModified\":\"2023-10-25T07:22:51+00:00\",\"mainEntityOfPage\":{\"@id\":\"https:\\\/\\\/www.saprima.de\\\/m20231102\\\/\"},\"wordCount\":159,\"publisher\":{\"@id\":\"https:\\\/\\\/www.saprima.de\\\/de\\\/#organization\"},\"keywords\":[\"agiles Projektmanagement\",\"Kanban\",\"Leanmanagement\",\"Plantafel\",\"Portfoliomanagement\",\"Projektmanagement\",\"Projektmanagement Software\",\"Ressourcenmanagement\",\"Webinar\"],\"articleSection\":[\"Webinare\"],\"inLanguage\":\"de\"},{\"@type\":\"WebPage\",\"@id\":\"https:\\\/\\\/www.saprima.de\\\/m20231102\\\/\",\"url\":\"https:\\\/\\\/www.saprima.de\\\/m20231102\\\/\",\"name\":\"Lean Management mit saprima\u00ae am 02.11.2023 um 11:00 Uhr - saprima\u00ae - Compose your Success\",\"isPartOf\":{\"@id\":\"https:\\\/\\\/www.saprima.de\\\/de\\\/#website\"},\"datePublished\":\"2023-10-24T08:11:45+00:00\",\"dateModified\":\"2023-10-25T07:22:51+00:00\",\"description\":\"Projektmanagement | Produktmanagement | Ressourcenmanagement kann so einfach sein. Nutzen Sie unser kostenlose Startparket: saprima Basic\",\"breadcrumb\":{\"@id\":\"https:\\\/\\\/www.saprima.de\\\/m20231102\\\/#breadcrumb\"},\"inLanguage\":\"de\",\"potentialAction\":[{\"@type\":\"ReadAction\",\"target\":[\"https:\\\/\\\/www.saprima.de\\\/m20231102\\\/\"]}]},{\"@type\":\"BreadcrumbList\",\"@id\":\"https:\\\/\\\/www.saprima.de\\\/m20231102\\\/#breadcrumb\",\"itemListElement\":[{\"@type\":\"ListItem\",\"position\":1,\"name\":\"Startseite\",\"item\":\"https:\\\/\\\/www.saprima.de\\\/\"},{\"@type\":\"ListItem\",\"position\":2,\"name\":\"Lean Management mit saprima\u00ae am 02.11.2023 um 11:00 Uhr\"}]},{\"@type\":\"WebSite\",\"@id\":\"https:\\\/\\\/www.saprima.de\\\/de\\\/#website\",\"url\":\"https:\\\/\\\/www.saprima.de\\\/de\\\/\",\"name\":\"saprima\u00ae\",\"description\":\"\",\"publisher\":{\"@id\":\"https:\\\/\\\/www.saprima.de\\\/de\\\/#organization\"},\"potentialAction\":[{\"@type\":\"SearchAction\",\"target\":{\"@type\":\"EntryPoint\",\"urlTemplate\":\"https:\\\/\\\/www.saprima.de\\\/de\\\/?s={search_term_string}\"},\"query-input\":{\"@type\":\"PropertyValueSpecification\",\"valueRequired\":true,\"valueName\":\"search_term_string\"}}],\"inLanguage\":\"de\"},{\"@type\":\"Organization\",\"@id\":\"https:\\\/\\\/www.saprima.de\\\/de\\\/#organization\",\"name\":\"saprima GmbH\",\"url\":\"https:\\\/\\\/www.saprima.de\\\/de\\\/\",\"logo\":{\"@type\":\"ImageObject\",\"inLanguage\":\"de\",\"@id\":\"https:\\\/\\\/www.saprima.de\\\/de\\\/#\\\/schema\\\/logo\\\/image\\\/\",\"url\":\"https:\\\/\\\/www.saprima.de\\\/wp-content\\\/uploads\\\/saprima_final_transp.png\",\"contentUrl\":\"https:\\\/\\\/www.saprima.de\\\/wp-content\\\/uploads\\\/saprima_final_transp.png\",\"width\":1468,\"height\":938,\"caption\":\"saprima GmbH\"},\"image\":{\"@id\":\"https:\\\/\\\/www.saprima.de\\\/de\\\/#\\\/schema\\\/logo\\\/image\\\/\"},\"sameAs\":[\"https:\\\/\\\/x.com\\\/saprima1\",\"https:\\\/\\\/www.youtube.com\\\/user\\\/saprima2011\"]},{\"@type\":\"Person\",\"@id\":\"https:\\\/\\\/www.saprima.de\\\/de\\\/#\\\/schema\\\/person\\\/ad9835e96a9b8c55346fb74b19524f5a\",\"name\":\"Josef Weig\",\"image\":{\"@type\":\"ImageObject\",\"inLanguage\":\"de\",\"@id\":\"https:\\\/\\\/secure.gravatar.com\\\/avatar\\\/6c8803fc64c77db3934ceb7f665a70107ed8bb2d969ca0dbed9329ff23ca7b16?s=96&d=mm&r=g\",\"url\":\"https:\\\/\\\/secure.gravatar.com\\\/avatar\\\/6c8803fc64c77db3934ceb7f665a70107ed8bb2d969ca0dbed9329ff23ca7b16?s=96&d=mm&r=g\",\"contentUrl\":\"https:\\\/\\\/secure.gravatar.com\\\/avatar\\\/6c8803fc64c77db3934ceb7f665a70107ed8bb2d969ca0dbed9329ff23ca7b16?s=96&d=mm&r=g\",\"caption\":\"Josef Weig\"},\"sameAs\":[\"http:\\\/\\\/localhost:8000\"]}]}<\/script>\n<!-- \/ Yoast SEO plugin. -->","yoast_head_json":{"title":"Lean Management mit saprima\u00ae am 02.11.2023 um 11:00 Uhr - saprima\u00ae - Compose your Success","description":"Projektmanagement | Produktmanagement | Ressourcenmanagement kann so einfach sein. Nutzen Sie unser kostenlose Startparket: saprima Basic","robots":{"index":"index","follow":"follow","max-snippet":"max-snippet:-1","max-image-preview":"max-image-preview:large","max-video-preview":"max-video-preview:-1"},"canonical":"https:\/\/www.saprima.de\/de\/m20231102\/","og_locale":"de_DE","og_type":"article","og_title":"Lean Management mit saprima\u00ae am 02.11.2023 um 11:00 Uhr - saprima\u00ae - Compose your Success","og_description":"Projektmanagement | Produktmanagement | Ressourcenmanagement kann so einfach sein. Nutzen Sie unser kostenlose Startparket: saprima Basic","og_url":"https:\/\/www.saprima.de\/de\/m20231102\/","og_site_name":"saprima\u00ae - Compose your Success","article_published_time":"2023-10-24T08:11:45+00:00","article_modified_time":"2023-10-25T07:22:51+00:00","author":"Josef Weig","twitter_card":"summary_large_image","twitter_creator":"@saprima1","twitter_site":"@saprima1","twitter_misc":{"Verfasst von":"Josef Weig","Gesch\u00e4tzte Lesezeit":"1\u00a0Minute"},"schema":{"@context":"https:\/\/schema.org","@graph":[{"@type":"Article","@id":"https:\/\/www.saprima.de\/m20231102\/#article","isPartOf":{"@id":"https:\/\/www.saprima.de\/m20231102\/"},"author":{"name":"Josef Weig","@id":"https:\/\/www.saprima.de\/de\/#\/schema\/person\/ad9835e96a9b8c55346fb74b19524f5a"},"headline":"Lean Management mit saprima\u00ae am 02.11.2023 um 11:00 Uhr","datePublished":"2023-10-24T08:11:45+00:00","dateModified":"2023-10-25T07:22:51+00:00","mainEntityOfPage":{"@id":"https:\/\/www.saprima.de\/m20231102\/"},"wordCount":159,"publisher":{"@id":"https:\/\/www.saprima.de\/de\/#organization"},"keywords":["agiles Projektmanagement","Kanban","Leanmanagement","Plantafel","Portfoliomanagement","Projektmanagement","Projektmanagement Software","Ressourcenmanagement","Webinar"],"articleSection":["Webinare"],"inLanguage":"de"},{"@type":"WebPage","@id":"https:\/\/www.saprima.de\/m20231102\/","url":"https:\/\/www.saprima.de\/m20231102\/","name":"Lean Management mit saprima\u00ae am 02.11.2023 um 11:00 Uhr - saprima\u00ae - Compose your Success","isPartOf":{"@id":"https:\/\/www.saprima.de\/de\/#website"},"datePublished":"2023-10-24T08:11:45+00:00","dateModified":"2023-10-25T07:22:51+00:00","description":"Projektmanagement | Produktmanagement | Ressourcenmanagement kann so einfach sein. Nutzen Sie unser kostenlose Startparket: saprima Basic","breadcrumb":{"@id":"https:\/\/www.saprima.de\/m20231102\/#breadcrumb"},"inLanguage":"de","potentialAction":[{"@type":"ReadAction","target":["https:\/\/www.saprima.de\/m20231102\/"]}]},{"@type":"BreadcrumbList","@id":"https:\/\/www.saprima.de\/m20231102\/#breadcrumb","itemListElement":[{"@type":"ListItem","position":1,"name":"Startseite","item":"https:\/\/www.saprima.de\/"},{"@type":"ListItem","position":2,"name":"Lean Management mit saprima\u00ae am 02.11.2023 um 11:00 Uhr"}]},{"@type":"WebSite","@id":"https:\/\/www.saprima.de\/de\/#website","url":"https:\/\/www.saprima.de\/de\/","name":"saprima\u00ae","description":"","publisher":{"@id":"https:\/\/www.saprima.de\/de\/#organization"},"potentialAction":[{"@type":"SearchAction","target":{"@type":"EntryPoint","urlTemplate":"https:\/\/www.saprima.de\/de\/?s={search_term_string}"},"query-input":{"@type":"PropertyValueSpecification","valueRequired":true,"valueName":"search_term_string"}}],"inLanguage":"de"},{"@type":"Organization","@id":"https:\/\/www.saprima.de\/de\/#organization","name":"saprima GmbH","url":"https:\/\/www.saprima.de\/de\/","logo":{"@type":"ImageObject","inLanguage":"de","@id":"https:\/\/www.saprima.de\/de\/#\/schema\/logo\/image\/","url":"https:\/\/www.saprima.de\/wp-content\/uploads\/saprima_final_transp.png","contentUrl":"https:\/\/www.saprima.de\/wp-content\/uploads\/saprima_final_transp.png","width":1468,"height":938,"caption":"saprima GmbH"},"image":{"@id":"https:\/\/www.saprima.de\/de\/#\/schema\/logo\/image\/"},"sameAs":["https:\/\/x.com\/saprima1","https:\/\/www.youtube.com\/user\/saprima2011"]},{"@type":"Person","@id":"https:\/\/www.saprima.de\/de\/#\/schema\/person\/ad9835e96a9b8c55346fb74b19524f5a","name":"Josef Weig","image":{"@type":"ImageObject","inLanguage":"de","@id":"https:\/\/secure.gravatar.com\/avatar\/6c8803fc64c77db3934ceb7f665a70107ed8bb2d969ca0dbed9329ff23ca7b16?s=96&d=mm&r=g","url":"https:\/\/secure.gravatar.com\/avatar\/6c8803fc64c77db3934ceb7f665a70107ed8bb2d969ca0dbed9329ff23ca7b16?s=96&d=mm&r=g","contentUrl":"https:\/\/secure.gravatar.com\/avatar\/6c8803fc64c77db3934ceb7f665a70107ed8bb2d969ca0dbed9329ff23ca7b16?s=96&d=mm&r=g","caption":"Josef Weig"},"sameAs":["http:\/\/localhost:8000"]}]}},"_links":{"self":[{"href":"https:\/\/www.saprima.de\/de\/wp-json\/wp\/v2\/posts\/20026","targetHints":{"allow":["GET"]}}],"collection":[{"href":"https:\/\/www.saprima.de\/de\/wp-json\/wp\/v2\/posts"}],"about":[{"href":"https:\/\/www.saprima.de\/de\/wp-json\/wp\/v2\/types\/post"}],"author":[{"embeddable":true,"href":"https:\/\/www.saprima.de\/de\/wp-json\/wp\/v2\/users\/2"}],"replies":[{"embeddable":true,"href":"https:\/\/www.saprima.de\/de\/wp-json\/wp\/v2\/comments?post=20026"}],"version-history":[{"count":12,"href":"https:\/\/www.saprima.de\/de\/wp-json\/wp\/v2\/posts\/20026\/revisions"}],"predecessor-version":[{"id":20050,"href":"https:\/\/www.saprima.de\/de\/wp-json\/wp\/v2\/posts\/20026\/revisions\/20050"}],"wp:attachment":[{"href":"https:\/\/www.saprima.de\/de\/wp-json\/wp\/v2\/media?parent=20026"}],"wp:term":[{"taxonomy":"category","embeddable":true,"href":"https:\/\/www.saprima.de\/de\/wp-json\/wp\/v2\/categories?post=20026"},{"taxonomy":"post_tag","embeddable":true,"href":"https:\/\/www.saprima.de\/de\/wp-json\/wp\/v2\/tags?post=20026"}],"curies":[{"name":"wp","href":"https:\/\/api.w.org\/{rel}","templated":true}]}}