{"id":2183,"date":"2019-12-06T07:38:28","date_gmt":"2019-12-06T06:38:28","guid":{"rendered":"http:\/\/entwickler2:8000\/?p=2183"},"modified":"2019-12-18T12:42:56","modified_gmt":"2019-12-18T11:42:56","slug":"scrum-und-klassisches-pm-in-einer-multiprojekt-umgebung-am-12-12-2019-1100-uhr","status":"publish","type":"post","link":"https:\/\/www.saprima.de\/de\/scrum-und-klassisches-pm-in-einer-multiprojekt-umgebung-am-12-12-2019-1100-uhr\/","title":{"rendered":"SCRUM und klassisches PM in einer Multiprojekt-Umgebung am 12.12.2019 11:00 Uhr"},"content":{"rendered":"\n<p><strong>S<\/strong>CRUM ist die g\u00e4ngigste agile Methode, mit der  gerade Entwicklungsprojekte sehr gut abgearbeitet werden k\u00f6nnen. Mit  einfachen Mitteln, wie SCRUM-Board mit Story-Zetteln und einer einfachen  Burndowngrafik welche sie an die Wand kleben, ist es einfach einen  \u00dcberblick \u00fcber die laufenden Arbeiten im Projekt zu haben. <br>Wie sieht es aber f\u00fcr das Management aus, wenn es wissen will: <\/p>\n\n\n\n<p class=\"has-text-align-center\">  \u201e<strong>Was an Projekten dieses Jahr noch abgearbeitet werden kann?\u201c<\/strong><br>oder<br><strong>\u201eHaben wir bei diesem Projekt auch noch etwas verdient?\u201c<\/strong><\/p>\n\n\n\n<p>Daf\u00fcr ist es notwendig, dass Ressourcenplanung, mindestens auf \nRollenbasis durchgef\u00fchrt wird. F\u00fcr einen Soll-Ist-Vergleich muss der \nAufwand erfasst und ausgewertet werden. <br>Meistens findet dies in \nverschiedenen Tools (MS Excel, SCRUM-TOOL, SAP\u2026)  statt. Eine \nganzheitliche Sicht auf Projekte, von der Angebotsphase bis  zu \u201eLessons\n Learned\u201c wird hier schwierig und aufw\u00e4ndig. <\/p>\n\n\n\n<p><strong>saprima\u00ae bietet, f\u00fcr die einzelnen Methoden die n\u00f6tigen Funktionen, an!<\/strong><\/p>\n\n\n\n<p><strong>Im Webinar zeigen wir Ihnen, wie man mit saprima<sup>\u00ae <\/sup>den\n Projektverlauf von der Angebotsphase (incl. Skill-Management), SCRUM \nund den Projektabschluss mit Soll-Ist-Vergleich in einer \nMultiprojektumgebung abbilden kann.<\/strong><\/p>\n\n\n\n<p><a href=\"https:\/\/www.saprima.de\/wp-content\/uploads\/2016\/Whitepaper\/Whitepaper_Classic_agil.pdf\"><strong>Download Whitepaper \u201esaprima\u00ae von der Projektidee bis zur agilen Abwicklung des Projektes mit Scrum\u201c<\/strong><\/a><\/p>\n\n\n\n<p>Sollten Sie am 12.12.2019 keine Zeit haben, k\u00f6nnen Sie uns gerne  kontaktieren und einen Termin f\u00fcr ein pers\u00f6nliches Webinar mit uns  vereinbaren. Dabei werden wir direkt auf Ihre Anforderungen im  Livesystem eingehen.<br><\/p>\n\n\n\n<p class=\"wpcf7-contact-form-not-found\"><strong>Fehler:<\/strong> Kontaktformular wurde nicht gefunden.<\/p>\n","protected":false},"excerpt":{"rendered":"<p>SCRUM ist die g\u00e4ngigste agile Methode, mit der gerade Entwicklungsprojekte sehr gut abgearbeitet werden k\u00f6nnen. Mit einfachen Mitteln, wie SCRUM-Board mit Story-Zetteln und einer einfachen Burndowngrafik welche sie an die&hellip; <br \/> <a class=\"read-more\" href=\"https:\/\/www.saprima.de\/de\/scrum-und-klassisches-pm-in-einer-multiprojekt-umgebung-am-12-12-2019-1100-uhr\/\">Read more<\/a><\/p>\n","protected":false},"author":2,"featured_media":0,"comment_status":"closed","ping_status":"closed","sticky":false,"template":"","format":"standard","meta":{"_price":"","_stock":"","_tribe_ticket_header":"","_tribe_default_ticket_provider":"","_tribe_ticket_capacity":"0","_ticket_start_date":"","_ticket_end_date":"","_tribe_ticket_show_description":"","_tribe_ticket_show_not_going":false,"_tribe_ticket_use_global_stock":"","_tribe_ticket_global_stock_level":"","_global_stock_mode":"","_global_stock_cap":"","_tribe_rsvp_for_event":"","_tribe_ticket_going_count":"","_tribe_ticket_not_going_count":"","_tribe_tickets_list":"[]","_tribe_ticket_has_attendee_info_fields":false,"footnotes":""},"categories":[14],"tags":[],"class_list":["post-2183","post","type-post","status-publish","format-standard","hentry","category-webinare"],"yoast_head":"<!-- This site is optimized with the Yoast SEO plugin v27.5 - https:\/\/yoast.com\/product\/yoast-seo-wordpress\/ -->\n<title>SCRUM und klassisches PM in einer Multiprojekt-Umgebung am 12.12.2019 11:00 Uhr - saprima\u00ae - Compose your Success<\/title>\n<meta name=\"description\" content=\"Projektmanagement | Produktmanagement | Ressourcenmanagement kann so einfach sein. Nutzen Sie unser kostenlose Startparket: saprima Basic\" \/>\n<meta name=\"robots\" content=\"index, follow, max-snippet:-1, max-image-preview:large, max-video-preview:-1\" \/>\n<link rel=\"canonical\" href=\"https:\/\/www.saprima.de\/de\/scrum-und-klassisches-pm-in-einer-multiprojekt-umgebung-am-12-12-2019-1100-uhr\/\" \/>\n<meta property=\"og:locale\" content=\"de_DE\" \/>\n<meta property=\"og:type\" content=\"article\" \/>\n<meta property=\"og:title\" content=\"SCRUM und klassisches PM in einer Multiprojekt-Umgebung am 12.12.2019 11:00 Uhr - saprima\u00ae - Compose your Success\" \/>\n<meta property=\"og:description\" content=\"Projektmanagement | Produktmanagement | Ressourcenmanagement kann so einfach sein. Nutzen Sie unser kostenlose Startparket: saprima Basic\" \/>\n<meta property=\"og:url\" content=\"https:\/\/www.saprima.de\/de\/scrum-und-klassisches-pm-in-einer-multiprojekt-umgebung-am-12-12-2019-1100-uhr\/\" \/>\n<meta property=\"og:site_name\" content=\"saprima\u00ae - Compose your Success\" \/>\n<meta property=\"article:published_time\" content=\"2019-12-06T06:38:28+00:00\" \/>\n<meta property=\"article:modified_time\" content=\"2019-12-18T11:42:56+00:00\" \/>\n<meta name=\"author\" content=\"Josef Weig\" \/>\n<meta name=\"twitter:card\" content=\"summary_large_image\" \/>\n<meta name=\"twitter:creator\" content=\"@saprima1\" \/>\n<meta name=\"twitter:site\" content=\"@saprima1\" \/>\n<meta name=\"twitter:label1\" content=\"Verfasst von\" \/>\n\t<meta name=\"twitter:data1\" content=\"Josef Weig\" \/>\n\t<meta name=\"twitter:label2\" content=\"Gesch\u00e4tzte Lesezeit\" \/>\n\t<meta name=\"twitter:data2\" content=\"1\u00a0Minute\" \/>\n<script type=\"application\/ld+json\" class=\"yoast-schema-graph\">{\"@context\":\"https:\\\/\\\/schema.org\",\"@graph\":[{\"@type\":\"Article\",\"@id\":\"https:\\\/\\\/www.saprima.de\\\/scrum-und-klassisches-pm-in-einer-multiprojekt-umgebung-am-12-12-2019-1100-uhr\\\/#article\",\"isPartOf\":{\"@id\":\"https:\\\/\\\/www.saprima.de\\\/scrum-und-klassisches-pm-in-einer-multiprojekt-umgebung-am-12-12-2019-1100-uhr\\\/\"},\"author\":{\"name\":\"Josef Weig\",\"@id\":\"https:\\\/\\\/www.saprima.de\\\/de\\\/#\\\/schema\\\/person\\\/ad9835e96a9b8c55346fb74b19524f5a\"},\"headline\":\"SCRUM und klassisches PM in einer Multiprojekt-Umgebung am 12.12.2019 11:00 Uhr\",\"datePublished\":\"2019-12-06T06:38:28+00:00\",\"dateModified\":\"2019-12-18T11:42:56+00:00\",\"mainEntityOfPage\":{\"@id\":\"https:\\\/\\\/www.saprima.de\\\/scrum-und-klassisches-pm-in-einer-multiprojekt-umgebung-am-12-12-2019-1100-uhr\\\/\"},\"wordCount\":234,\"publisher\":{\"@id\":\"https:\\\/\\\/www.saprima.de\\\/de\\\/#organization\"},\"articleSection\":[\"Webinare\"],\"inLanguage\":\"de\"},{\"@type\":\"WebPage\",\"@id\":\"https:\\\/\\\/www.saprima.de\\\/scrum-und-klassisches-pm-in-einer-multiprojekt-umgebung-am-12-12-2019-1100-uhr\\\/\",\"url\":\"https:\\\/\\\/www.saprima.de\\\/scrum-und-klassisches-pm-in-einer-multiprojekt-umgebung-am-12-12-2019-1100-uhr\\\/\",\"name\":\"SCRUM und klassisches PM in einer Multiprojekt-Umgebung am 12.12.2019 11:00 Uhr - saprima\u00ae - Compose your Success\",\"isPartOf\":{\"@id\":\"https:\\\/\\\/www.saprima.de\\\/de\\\/#website\"},\"datePublished\":\"2019-12-06T06:38:28+00:00\",\"dateModified\":\"2019-12-18T11:42:56+00:00\",\"description\":\"Projektmanagement | Produktmanagement | Ressourcenmanagement kann so einfach sein. Nutzen Sie unser kostenlose Startparket: saprima Basic\",\"breadcrumb\":{\"@id\":\"https:\\\/\\\/www.saprima.de\\\/scrum-und-klassisches-pm-in-einer-multiprojekt-umgebung-am-12-12-2019-1100-uhr\\\/#breadcrumb\"},\"inLanguage\":\"de\",\"potentialAction\":[{\"@type\":\"ReadAction\",\"target\":[\"https:\\\/\\\/www.saprima.de\\\/scrum-und-klassisches-pm-in-einer-multiprojekt-umgebung-am-12-12-2019-1100-uhr\\\/\"]}]},{\"@type\":\"BreadcrumbList\",\"@id\":\"https:\\\/\\\/www.saprima.de\\\/scrum-und-klassisches-pm-in-einer-multiprojekt-umgebung-am-12-12-2019-1100-uhr\\\/#breadcrumb\",\"itemListElement\":[{\"@type\":\"ListItem\",\"position\":1,\"name\":\"Startseite\",\"item\":\"https:\\\/\\\/www.saprima.de\\\/\"},{\"@type\":\"ListItem\",\"position\":2,\"name\":\"SCRUM und klassisches PM in einer Multiprojekt-Umgebung am 12.12.2019 11:00 Uhr\"}]},{\"@type\":\"WebSite\",\"@id\":\"https:\\\/\\\/www.saprima.de\\\/de\\\/#website\",\"url\":\"https:\\\/\\\/www.saprima.de\\\/de\\\/\",\"name\":\"saprima\u00ae\",\"description\":\"\",\"publisher\":{\"@id\":\"https:\\\/\\\/www.saprima.de\\\/de\\\/#organization\"},\"potentialAction\":[{\"@type\":\"SearchAction\",\"target\":{\"@type\":\"EntryPoint\",\"urlTemplate\":\"https:\\\/\\\/www.saprima.de\\\/de\\\/?s={search_term_string}\"},\"query-input\":{\"@type\":\"PropertyValueSpecification\",\"valueRequired\":true,\"valueName\":\"search_term_string\"}}],\"inLanguage\":\"de\"},{\"@type\":\"Organization\",\"@id\":\"https:\\\/\\\/www.saprima.de\\\/de\\\/#organization\",\"name\":\"saprima GmbH\",\"url\":\"https:\\\/\\\/www.saprima.de\\\/de\\\/\",\"logo\":{\"@type\":\"ImageObject\",\"inLanguage\":\"de\",\"@id\":\"https:\\\/\\\/www.saprima.de\\\/de\\\/#\\\/schema\\\/logo\\\/image\\\/\",\"url\":\"https:\\\/\\\/www.saprima.de\\\/wp-content\\\/uploads\\\/saprima_final_transp.png\",\"contentUrl\":\"https:\\\/\\\/www.saprima.de\\\/wp-content\\\/uploads\\\/saprima_final_transp.png\",\"width\":1468,\"height\":938,\"caption\":\"saprima GmbH\"},\"image\":{\"@id\":\"https:\\\/\\\/www.saprima.de\\\/de\\\/#\\\/schema\\\/logo\\\/image\\\/\"},\"sameAs\":[\"https:\\\/\\\/x.com\\\/saprima1\",\"https:\\\/\\\/www.youtube.com\\\/user\\\/saprima2011\"]},{\"@type\":\"Person\",\"@id\":\"https:\\\/\\\/www.saprima.de\\\/de\\\/#\\\/schema\\\/person\\\/ad9835e96a9b8c55346fb74b19524f5a\",\"name\":\"Josef Weig\",\"image\":{\"@type\":\"ImageObject\",\"inLanguage\":\"de\",\"@id\":\"https:\\\/\\\/secure.gravatar.com\\\/avatar\\\/6c8803fc64c77db3934ceb7f665a70107ed8bb2d969ca0dbed9329ff23ca7b16?s=96&d=mm&r=g\",\"url\":\"https:\\\/\\\/secure.gravatar.com\\\/avatar\\\/6c8803fc64c77db3934ceb7f665a70107ed8bb2d969ca0dbed9329ff23ca7b16?s=96&d=mm&r=g\",\"contentUrl\":\"https:\\\/\\\/secure.gravatar.com\\\/avatar\\\/6c8803fc64c77db3934ceb7f665a70107ed8bb2d969ca0dbed9329ff23ca7b16?s=96&d=mm&r=g\",\"caption\":\"Josef Weig\"},\"sameAs\":[\"http:\\\/\\\/localhost:8000\"]}]}<\/script>\n<!-- \/ Yoast SEO plugin. -->","yoast_head_json":{"title":"SCRUM und klassisches PM in einer Multiprojekt-Umgebung am 12.12.2019 11:00 Uhr - saprima\u00ae - Compose your Success","description":"Projektmanagement | Produktmanagement | Ressourcenmanagement kann so einfach sein. Nutzen Sie unser kostenlose Startparket: saprima Basic","robots":{"index":"index","follow":"follow","max-snippet":"max-snippet:-1","max-image-preview":"max-image-preview:large","max-video-preview":"max-video-preview:-1"},"canonical":"https:\/\/www.saprima.de\/de\/scrum-und-klassisches-pm-in-einer-multiprojekt-umgebung-am-12-12-2019-1100-uhr\/","og_locale":"de_DE","og_type":"article","og_title":"SCRUM und klassisches PM in einer Multiprojekt-Umgebung am 12.12.2019 11:00 Uhr - saprima\u00ae - Compose your Success","og_description":"Projektmanagement | Produktmanagement | Ressourcenmanagement kann so einfach sein. Nutzen Sie unser kostenlose Startparket: saprima Basic","og_url":"https:\/\/www.saprima.de\/de\/scrum-und-klassisches-pm-in-einer-multiprojekt-umgebung-am-12-12-2019-1100-uhr\/","og_site_name":"saprima\u00ae - Compose your Success","article_published_time":"2019-12-06T06:38:28+00:00","article_modified_time":"2019-12-18T11:42:56+00:00","author":"Josef Weig","twitter_card":"summary_large_image","twitter_creator":"@saprima1","twitter_site":"@saprima1","twitter_misc":{"Verfasst von":"Josef Weig","Gesch\u00e4tzte Lesezeit":"1\u00a0Minute"},"schema":{"@context":"https:\/\/schema.org","@graph":[{"@type":"Article","@id":"https:\/\/www.saprima.de\/scrum-und-klassisches-pm-in-einer-multiprojekt-umgebung-am-12-12-2019-1100-uhr\/#article","isPartOf":{"@id":"https:\/\/www.saprima.de\/scrum-und-klassisches-pm-in-einer-multiprojekt-umgebung-am-12-12-2019-1100-uhr\/"},"author":{"name":"Josef Weig","@id":"https:\/\/www.saprima.de\/de\/#\/schema\/person\/ad9835e96a9b8c55346fb74b19524f5a"},"headline":"SCRUM und klassisches PM in einer Multiprojekt-Umgebung am 12.12.2019 11:00 Uhr","datePublished":"2019-12-06T06:38:28+00:00","dateModified":"2019-12-18T11:42:56+00:00","mainEntityOfPage":{"@id":"https:\/\/www.saprima.de\/scrum-und-klassisches-pm-in-einer-multiprojekt-umgebung-am-12-12-2019-1100-uhr\/"},"wordCount":234,"publisher":{"@id":"https:\/\/www.saprima.de\/de\/#organization"},"articleSection":["Webinare"],"inLanguage":"de"},{"@type":"WebPage","@id":"https:\/\/www.saprima.de\/scrum-und-klassisches-pm-in-einer-multiprojekt-umgebung-am-12-12-2019-1100-uhr\/","url":"https:\/\/www.saprima.de\/scrum-und-klassisches-pm-in-einer-multiprojekt-umgebung-am-12-12-2019-1100-uhr\/","name":"SCRUM und klassisches PM in einer Multiprojekt-Umgebung am 12.12.2019 11:00 Uhr - saprima\u00ae - Compose your Success","isPartOf":{"@id":"https:\/\/www.saprima.de\/de\/#website"},"datePublished":"2019-12-06T06:38:28+00:00","dateModified":"2019-12-18T11:42:56+00:00","description":"Projektmanagement | Produktmanagement | Ressourcenmanagement kann so einfach sein. Nutzen Sie unser kostenlose Startparket: saprima Basic","breadcrumb":{"@id":"https:\/\/www.saprima.de\/scrum-und-klassisches-pm-in-einer-multiprojekt-umgebung-am-12-12-2019-1100-uhr\/#breadcrumb"},"inLanguage":"de","potentialAction":[{"@type":"ReadAction","target":["https:\/\/www.saprima.de\/scrum-und-klassisches-pm-in-einer-multiprojekt-umgebung-am-12-12-2019-1100-uhr\/"]}]},{"@type":"BreadcrumbList","@id":"https:\/\/www.saprima.de\/scrum-und-klassisches-pm-in-einer-multiprojekt-umgebung-am-12-12-2019-1100-uhr\/#breadcrumb","itemListElement":[{"@type":"ListItem","position":1,"name":"Startseite","item":"https:\/\/www.saprima.de\/"},{"@type":"ListItem","position":2,"name":"SCRUM und klassisches PM in einer Multiprojekt-Umgebung am 12.12.2019 11:00 Uhr"}]},{"@type":"WebSite","@id":"https:\/\/www.saprima.de\/de\/#website","url":"https:\/\/www.saprima.de\/de\/","name":"saprima\u00ae","description":"","publisher":{"@id":"https:\/\/www.saprima.de\/de\/#organization"},"potentialAction":[{"@type":"SearchAction","target":{"@type":"EntryPoint","urlTemplate":"https:\/\/www.saprima.de\/de\/?s={search_term_string}"},"query-input":{"@type":"PropertyValueSpecification","valueRequired":true,"valueName":"search_term_string"}}],"inLanguage":"de"},{"@type":"Organization","@id":"https:\/\/www.saprima.de\/de\/#organization","name":"saprima GmbH","url":"https:\/\/www.saprima.de\/de\/","logo":{"@type":"ImageObject","inLanguage":"de","@id":"https:\/\/www.saprima.de\/de\/#\/schema\/logo\/image\/","url":"https:\/\/www.saprima.de\/wp-content\/uploads\/saprima_final_transp.png","contentUrl":"https:\/\/www.saprima.de\/wp-content\/uploads\/saprima_final_transp.png","width":1468,"height":938,"caption":"saprima GmbH"},"image":{"@id":"https:\/\/www.saprima.de\/de\/#\/schema\/logo\/image\/"},"sameAs":["https:\/\/x.com\/saprima1","https:\/\/www.youtube.com\/user\/saprima2011"]},{"@type":"Person","@id":"https:\/\/www.saprima.de\/de\/#\/schema\/person\/ad9835e96a9b8c55346fb74b19524f5a","name":"Josef Weig","image":{"@type":"ImageObject","inLanguage":"de","@id":"https:\/\/secure.gravatar.com\/avatar\/6c8803fc64c77db3934ceb7f665a70107ed8bb2d969ca0dbed9329ff23ca7b16?s=96&d=mm&r=g","url":"https:\/\/secure.gravatar.com\/avatar\/6c8803fc64c77db3934ceb7f665a70107ed8bb2d969ca0dbed9329ff23ca7b16?s=96&d=mm&r=g","contentUrl":"https:\/\/secure.gravatar.com\/avatar\/6c8803fc64c77db3934ceb7f665a70107ed8bb2d969ca0dbed9329ff23ca7b16?s=96&d=mm&r=g","caption":"Josef Weig"},"sameAs":["http:\/\/localhost:8000"]}]}},"_links":{"self":[{"href":"https:\/\/www.saprima.de\/de\/wp-json\/wp\/v2\/posts\/2183","targetHints":{"allow":["GET"]}}],"collection":[{"href":"https:\/\/www.saprima.de\/de\/wp-json\/wp\/v2\/posts"}],"about":[{"href":"https:\/\/www.saprima.de\/de\/wp-json\/wp\/v2\/types\/post"}],"author":[{"embeddable":true,"href":"https:\/\/www.saprima.de\/de\/wp-json\/wp\/v2\/users\/2"}],"replies":[{"embeddable":true,"href":"https:\/\/www.saprima.de\/de\/wp-json\/wp\/v2\/comments?post=2183"}],"version-history":[{"count":10,"href":"https:\/\/www.saprima.de\/de\/wp-json\/wp\/v2\/posts\/2183\/revisions"}],"predecessor-version":[{"id":2469,"href":"https:\/\/www.saprima.de\/de\/wp-json\/wp\/v2\/posts\/2183\/revisions\/2469"}],"wp:attachment":[{"href":"https:\/\/www.saprima.de\/de\/wp-json\/wp\/v2\/media?parent=2183"}],"wp:term":[{"taxonomy":"category","embeddable":true,"href":"https:\/\/www.saprima.de\/de\/wp-json\/wp\/v2\/categories?post=2183"},{"taxonomy":"post_tag","embeddable":true,"href":"https:\/\/www.saprima.de\/de\/wp-json\/wp\/v2\/tags?post=2183"}],"curies":[{"name":"wp","href":"https:\/\/api.w.org\/{rel}","templated":true}]}}