{"id":2796,"date":"2020-01-15T16:32:37","date_gmt":"2020-01-15T15:32:37","guid":{"rendered":"https:\/\/www.saprima.de\/?p=2796"},"modified":"2020-02-04T10:11:22","modified_gmt":"2020-02-04T09:11:22","slug":"projekt-im-projekt-im-projekt-oder-doch-lieber-portfoliomanagement","status":"publish","type":"post","link":"https:\/\/www.saprima.de\/de\/projekt-im-projekt-im-projekt-oder-doch-lieber-portfoliomanagement\/","title":{"rendered":"Projekt im Projekt im Projekt &#8211; oder doch lieber Portfoliomanagement?"},"content":{"rendered":"\n<p><strong>Anmeldung zum  Webinar: &#8222;Projekt im Projekt im Projekt \u2013 oder doch lieber Portfoliomanagement?&#8220;- 23.01.2020 11:00 Uhr<\/strong><\/p>\n\n\n\n<p class=\"wpcf7-contact-form-not-found\"><strong>Fehler:<\/strong> Kontaktformular wurde nicht gefunden.<\/p>\n\n\n\n<p>Der Ausfall eines Kollegen nimmt man oft nicht einfach so hin, vor allem wenn man seine Arbeit mit \u00fcbernehmen muss. Sowas kann so weit kommen, dass Sie in zwei oder drei Teams gleichzeitig arbeiten m\u00fcssen. Ohne eine klare Struktur der Arbeit und gutes Management ist es kaum m\u00f6glich Ordnung und Nerven zu behalten.<\/p>\n\n\n\n<p>Wir wollen Ihnen in dieser Stunde zeigen, wie man mit <strong>Portfoliomanagement <\/strong>umgeht und die<strong> 6 Schritte des PPM<\/strong> umsetzt. Hierzu bedienen wir uns klassischer Projektmanagement Methoden. Diese Vorgehensweise erlaubt es uns ein sauberes Projektportfoliomanagement zu betreiben und auf alle W\u00fcnsche einzugehen. Von der Ressourcenplanung bis hin zur Auslastung unserer Mitarbeiter auf unterschiedliche Projekte werden wir innerhalb dieses Webinares Tipps und Tricks zum Thema zeigen.<\/p>\n\n\n\n<p>Ebenfalls empfehlen wir unseren Blogartikel zum Thema <a href=\"\/was-ist-projektportfoliomanagement\">Portfoliomanagement<\/a><\/p>\n\n\n\n<p class=\"has-medium-font-size\"><strong>Unser Webinar zum Thema Portfoliomanagement findet am 23.01.2020 um 11:00 statt.<\/strong><\/p>\n\n\n\n<p>Wir freuen uns auf ihre Anmeldung!<\/p>\n","protected":false},"excerpt":{"rendered":"<p>Anmeldung zum Webinar: &#8222;Projekt im Projekt im Projekt \u2013 oder doch lieber Portfoliomanagement?&#8220;- 23.01.2020 11:00 Uhr Der Ausfall eines Kollegen nimmt man oft nicht einfach so hin, vor allem wenn&hellip; <br \/> <a class=\"read-more\" href=\"https:\/\/www.saprima.de\/de\/projekt-im-projekt-im-projekt-oder-doch-lieber-portfoliomanagement\/\">Read more<\/a><\/p>\n","protected":false},"author":2,"featured_media":0,"comment_status":"closed","ping_status":"closed","sticky":false,"template":"","format":"standard","meta":{"_price":"","_stock":"","_tribe_ticket_header":"","_tribe_default_ticket_provider":"","_tribe_ticket_capacity":"0","_ticket_start_date":"","_ticket_end_date":"","_tribe_ticket_show_description":"","_tribe_ticket_show_not_going":false,"_tribe_ticket_use_global_stock":"","_tribe_ticket_global_stock_level":"","_global_stock_mode":"","_global_stock_cap":"","_tribe_rsvp_for_event":"","_tribe_ticket_going_count":"","_tribe_ticket_not_going_count":"","_tribe_tickets_list":"[]","_tribe_ticket_has_attendee_info_fields":false,"footnotes":""},"categories":[14],"tags":[19,30,115],"class_list":["post-2796","post","type-post","status-publish","format-standard","hentry","category-webinare","tag-portfoliomanagement","tag-projektmanagement","tag-webinar"],"yoast_head":"<!-- This site is optimized with the Yoast SEO plugin v27.5 - https:\/\/yoast.com\/product\/yoast-seo-wordpress\/ -->\n<title>Projekt im Projekt im Projekt - oder doch lieber Portfoliomanagement?<\/title>\n<meta name=\"description\" content=\"Webinar: Portfoliomanagement auf einen Blick. saprima als perfekte Unterst\u00fctzung in Ihrer Umgebung. Anforderungen und Umsetzung\" \/>\n<meta name=\"robots\" content=\"index, follow, max-snippet:-1, max-image-preview:large, max-video-preview:-1\" \/>\n<link rel=\"canonical\" href=\"https:\/\/www.saprima.de\/de\/projekt-im-projekt-im-projekt-oder-doch-lieber-portfoliomanagement\/\" \/>\n<meta property=\"og:locale\" content=\"de_DE\" \/>\n<meta property=\"og:type\" content=\"article\" \/>\n<meta property=\"og:title\" content=\"Projekt im Projekt im Projekt - oder doch lieber Portfoliomanagement?\" \/>\n<meta property=\"og:description\" content=\"Webinar: Portfoliomanagement auf einen Blick. saprima als perfekte Unterst\u00fctzung in Ihrer Umgebung. Anforderungen und Umsetzung\" \/>\n<meta property=\"og:url\" content=\"https:\/\/www.saprima.de\/de\/projekt-im-projekt-im-projekt-oder-doch-lieber-portfoliomanagement\/\" \/>\n<meta property=\"og:site_name\" content=\"saprima\u00ae - Compose your Success\" \/>\n<meta property=\"article:published_time\" content=\"2020-01-15T15:32:37+00:00\" \/>\n<meta property=\"article:modified_time\" content=\"2020-02-04T09:11:22+00:00\" \/>\n<meta name=\"author\" content=\"Josef Weig\" \/>\n<meta name=\"twitter:card\" content=\"summary_large_image\" \/>\n<meta name=\"twitter:creator\" content=\"@saprima1\" \/>\n<meta name=\"twitter:site\" content=\"@saprima1\" \/>\n<meta name=\"twitter:label1\" content=\"Verfasst von\" \/>\n\t<meta name=\"twitter:data1\" content=\"Josef Weig\" \/>\n\t<meta name=\"twitter:label2\" content=\"Gesch\u00e4tzte Lesezeit\" \/>\n\t<meta name=\"twitter:data2\" content=\"1\u00a0Minute\" \/>\n<script type=\"application\/ld+json\" class=\"yoast-schema-graph\">{\"@context\":\"https:\\\/\\\/schema.org\",\"@graph\":[{\"@type\":\"Article\",\"@id\":\"https:\\\/\\\/www.saprima.de\\\/projekt-im-projekt-im-projekt-oder-doch-lieber-portfoliomanagement\\\/#article\",\"isPartOf\":{\"@id\":\"https:\\\/\\\/www.saprima.de\\\/projekt-im-projekt-im-projekt-oder-doch-lieber-portfoliomanagement\\\/\"},\"author\":{\"name\":\"Josef Weig\",\"@id\":\"https:\\\/\\\/www.saprima.de\\\/de\\\/#\\\/schema\\\/person\\\/ad9835e96a9b8c55346fb74b19524f5a\"},\"headline\":\"Projekt im Projekt im Projekt &#8211; oder doch lieber Portfoliomanagement?\",\"datePublished\":\"2020-01-15T15:32:37+00:00\",\"dateModified\":\"2020-02-04T09:11:22+00:00\",\"mainEntityOfPage\":{\"@id\":\"https:\\\/\\\/www.saprima.de\\\/projekt-im-projekt-im-projekt-oder-doch-lieber-portfoliomanagement\\\/\"},\"wordCount\":172,\"publisher\":{\"@id\":\"https:\\\/\\\/www.saprima.de\\\/de\\\/#organization\"},\"keywords\":[\"Portfoliomanagement\",\"Projektmanagement\",\"Webinar\"],\"articleSection\":[\"Webinare\"],\"inLanguage\":\"de\"},{\"@type\":\"WebPage\",\"@id\":\"https:\\\/\\\/www.saprima.de\\\/projekt-im-projekt-im-projekt-oder-doch-lieber-portfoliomanagement\\\/\",\"url\":\"https:\\\/\\\/www.saprima.de\\\/projekt-im-projekt-im-projekt-oder-doch-lieber-portfoliomanagement\\\/\",\"name\":\"Projekt im Projekt im Projekt - oder doch lieber Portfoliomanagement?\",\"isPartOf\":{\"@id\":\"https:\\\/\\\/www.saprima.de\\\/de\\\/#website\"},\"datePublished\":\"2020-01-15T15:32:37+00:00\",\"dateModified\":\"2020-02-04T09:11:22+00:00\",\"description\":\"Webinar: Portfoliomanagement auf einen Blick. saprima als perfekte Unterst\u00fctzung in Ihrer Umgebung. Anforderungen und Umsetzung\",\"breadcrumb\":{\"@id\":\"https:\\\/\\\/www.saprima.de\\\/projekt-im-projekt-im-projekt-oder-doch-lieber-portfoliomanagement\\\/#breadcrumb\"},\"inLanguage\":\"de\",\"potentialAction\":[{\"@type\":\"ReadAction\",\"target\":[\"https:\\\/\\\/www.saprima.de\\\/projekt-im-projekt-im-projekt-oder-doch-lieber-portfoliomanagement\\\/\"]}]},{\"@type\":\"BreadcrumbList\",\"@id\":\"https:\\\/\\\/www.saprima.de\\\/projekt-im-projekt-im-projekt-oder-doch-lieber-portfoliomanagement\\\/#breadcrumb\",\"itemListElement\":[{\"@type\":\"ListItem\",\"position\":1,\"name\":\"Startseite\",\"item\":\"https:\\\/\\\/www.saprima.de\\\/\"},{\"@type\":\"ListItem\",\"position\":2,\"name\":\"Projekt im Projekt im Projekt &#8211; oder doch lieber Portfoliomanagement?\"}]},{\"@type\":\"WebSite\",\"@id\":\"https:\\\/\\\/www.saprima.de\\\/de\\\/#website\",\"url\":\"https:\\\/\\\/www.saprima.de\\\/de\\\/\",\"name\":\"saprima\u00ae\",\"description\":\"\",\"publisher\":{\"@id\":\"https:\\\/\\\/www.saprima.de\\\/de\\\/#organization\"},\"potentialAction\":[{\"@type\":\"SearchAction\",\"target\":{\"@type\":\"EntryPoint\",\"urlTemplate\":\"https:\\\/\\\/www.saprima.de\\\/de\\\/?s={search_term_string}\"},\"query-input\":{\"@type\":\"PropertyValueSpecification\",\"valueRequired\":true,\"valueName\":\"search_term_string\"}}],\"inLanguage\":\"de\"},{\"@type\":\"Organization\",\"@id\":\"https:\\\/\\\/www.saprima.de\\\/de\\\/#organization\",\"name\":\"saprima GmbH\",\"url\":\"https:\\\/\\\/www.saprima.de\\\/de\\\/\",\"logo\":{\"@type\":\"ImageObject\",\"inLanguage\":\"de\",\"@id\":\"https:\\\/\\\/www.saprima.de\\\/de\\\/#\\\/schema\\\/logo\\\/image\\\/\",\"url\":\"https:\\\/\\\/www.saprima.de\\\/wp-content\\\/uploads\\\/saprima_final_transp.png\",\"contentUrl\":\"https:\\\/\\\/www.saprima.de\\\/wp-content\\\/uploads\\\/saprima_final_transp.png\",\"width\":1468,\"height\":938,\"caption\":\"saprima GmbH\"},\"image\":{\"@id\":\"https:\\\/\\\/www.saprima.de\\\/de\\\/#\\\/schema\\\/logo\\\/image\\\/\"},\"sameAs\":[\"https:\\\/\\\/x.com\\\/saprima1\",\"https:\\\/\\\/www.youtube.com\\\/user\\\/saprima2011\"]},{\"@type\":\"Person\",\"@id\":\"https:\\\/\\\/www.saprima.de\\\/de\\\/#\\\/schema\\\/person\\\/ad9835e96a9b8c55346fb74b19524f5a\",\"name\":\"Josef Weig\",\"image\":{\"@type\":\"ImageObject\",\"inLanguage\":\"de\",\"@id\":\"https:\\\/\\\/secure.gravatar.com\\\/avatar\\\/6c8803fc64c77db3934ceb7f665a70107ed8bb2d969ca0dbed9329ff23ca7b16?s=96&d=mm&r=g\",\"url\":\"https:\\\/\\\/secure.gravatar.com\\\/avatar\\\/6c8803fc64c77db3934ceb7f665a70107ed8bb2d969ca0dbed9329ff23ca7b16?s=96&d=mm&r=g\",\"contentUrl\":\"https:\\\/\\\/secure.gravatar.com\\\/avatar\\\/6c8803fc64c77db3934ceb7f665a70107ed8bb2d969ca0dbed9329ff23ca7b16?s=96&d=mm&r=g\",\"caption\":\"Josef Weig\"},\"sameAs\":[\"http:\\\/\\\/localhost:8000\"]}]}<\/script>\n<!-- \/ Yoast SEO plugin. -->","yoast_head_json":{"title":"Projekt im Projekt im Projekt - oder doch lieber Portfoliomanagement?","description":"Webinar: Portfoliomanagement auf einen Blick. saprima als perfekte Unterst\u00fctzung in Ihrer Umgebung. Anforderungen und Umsetzung","robots":{"index":"index","follow":"follow","max-snippet":"max-snippet:-1","max-image-preview":"max-image-preview:large","max-video-preview":"max-video-preview:-1"},"canonical":"https:\/\/www.saprima.de\/de\/projekt-im-projekt-im-projekt-oder-doch-lieber-portfoliomanagement\/","og_locale":"de_DE","og_type":"article","og_title":"Projekt im Projekt im Projekt - oder doch lieber Portfoliomanagement?","og_description":"Webinar: Portfoliomanagement auf einen Blick. saprima als perfekte Unterst\u00fctzung in Ihrer Umgebung. Anforderungen und Umsetzung","og_url":"https:\/\/www.saprima.de\/de\/projekt-im-projekt-im-projekt-oder-doch-lieber-portfoliomanagement\/","og_site_name":"saprima\u00ae - Compose your Success","article_published_time":"2020-01-15T15:32:37+00:00","article_modified_time":"2020-02-04T09:11:22+00:00","author":"Josef Weig","twitter_card":"summary_large_image","twitter_creator":"@saprima1","twitter_site":"@saprima1","twitter_misc":{"Verfasst von":"Josef Weig","Gesch\u00e4tzte Lesezeit":"1\u00a0Minute"},"schema":{"@context":"https:\/\/schema.org","@graph":[{"@type":"Article","@id":"https:\/\/www.saprima.de\/projekt-im-projekt-im-projekt-oder-doch-lieber-portfoliomanagement\/#article","isPartOf":{"@id":"https:\/\/www.saprima.de\/projekt-im-projekt-im-projekt-oder-doch-lieber-portfoliomanagement\/"},"author":{"name":"Josef Weig","@id":"https:\/\/www.saprima.de\/de\/#\/schema\/person\/ad9835e96a9b8c55346fb74b19524f5a"},"headline":"Projekt im Projekt im Projekt &#8211; oder doch lieber Portfoliomanagement?","datePublished":"2020-01-15T15:32:37+00:00","dateModified":"2020-02-04T09:11:22+00:00","mainEntityOfPage":{"@id":"https:\/\/www.saprima.de\/projekt-im-projekt-im-projekt-oder-doch-lieber-portfoliomanagement\/"},"wordCount":172,"publisher":{"@id":"https:\/\/www.saprima.de\/de\/#organization"},"keywords":["Portfoliomanagement","Projektmanagement","Webinar"],"articleSection":["Webinare"],"inLanguage":"de"},{"@type":"WebPage","@id":"https:\/\/www.saprima.de\/projekt-im-projekt-im-projekt-oder-doch-lieber-portfoliomanagement\/","url":"https:\/\/www.saprima.de\/projekt-im-projekt-im-projekt-oder-doch-lieber-portfoliomanagement\/","name":"Projekt im Projekt im Projekt - oder doch lieber Portfoliomanagement?","isPartOf":{"@id":"https:\/\/www.saprima.de\/de\/#website"},"datePublished":"2020-01-15T15:32:37+00:00","dateModified":"2020-02-04T09:11:22+00:00","description":"Webinar: Portfoliomanagement auf einen Blick. saprima als perfekte Unterst\u00fctzung in Ihrer Umgebung. Anforderungen und Umsetzung","breadcrumb":{"@id":"https:\/\/www.saprima.de\/projekt-im-projekt-im-projekt-oder-doch-lieber-portfoliomanagement\/#breadcrumb"},"inLanguage":"de","potentialAction":[{"@type":"ReadAction","target":["https:\/\/www.saprima.de\/projekt-im-projekt-im-projekt-oder-doch-lieber-portfoliomanagement\/"]}]},{"@type":"BreadcrumbList","@id":"https:\/\/www.saprima.de\/projekt-im-projekt-im-projekt-oder-doch-lieber-portfoliomanagement\/#breadcrumb","itemListElement":[{"@type":"ListItem","position":1,"name":"Startseite","item":"https:\/\/www.saprima.de\/"},{"@type":"ListItem","position":2,"name":"Projekt im Projekt im Projekt &#8211; oder doch lieber Portfoliomanagement?"}]},{"@type":"WebSite","@id":"https:\/\/www.saprima.de\/de\/#website","url":"https:\/\/www.saprima.de\/de\/","name":"saprima\u00ae","description":"","publisher":{"@id":"https:\/\/www.saprima.de\/de\/#organization"},"potentialAction":[{"@type":"SearchAction","target":{"@type":"EntryPoint","urlTemplate":"https:\/\/www.saprima.de\/de\/?s={search_term_string}"},"query-input":{"@type":"PropertyValueSpecification","valueRequired":true,"valueName":"search_term_string"}}],"inLanguage":"de"},{"@type":"Organization","@id":"https:\/\/www.saprima.de\/de\/#organization","name":"saprima GmbH","url":"https:\/\/www.saprima.de\/de\/","logo":{"@type":"ImageObject","inLanguage":"de","@id":"https:\/\/www.saprima.de\/de\/#\/schema\/logo\/image\/","url":"https:\/\/www.saprima.de\/wp-content\/uploads\/saprima_final_transp.png","contentUrl":"https:\/\/www.saprima.de\/wp-content\/uploads\/saprima_final_transp.png","width":1468,"height":938,"caption":"saprima GmbH"},"image":{"@id":"https:\/\/www.saprima.de\/de\/#\/schema\/logo\/image\/"},"sameAs":["https:\/\/x.com\/saprima1","https:\/\/www.youtube.com\/user\/saprima2011"]},{"@type":"Person","@id":"https:\/\/www.saprima.de\/de\/#\/schema\/person\/ad9835e96a9b8c55346fb74b19524f5a","name":"Josef Weig","image":{"@type":"ImageObject","inLanguage":"de","@id":"https:\/\/secure.gravatar.com\/avatar\/6c8803fc64c77db3934ceb7f665a70107ed8bb2d969ca0dbed9329ff23ca7b16?s=96&d=mm&r=g","url":"https:\/\/secure.gravatar.com\/avatar\/6c8803fc64c77db3934ceb7f665a70107ed8bb2d969ca0dbed9329ff23ca7b16?s=96&d=mm&r=g","contentUrl":"https:\/\/secure.gravatar.com\/avatar\/6c8803fc64c77db3934ceb7f665a70107ed8bb2d969ca0dbed9329ff23ca7b16?s=96&d=mm&r=g","caption":"Josef Weig"},"sameAs":["http:\/\/localhost:8000"]}]}},"_links":{"self":[{"href":"https:\/\/www.saprima.de\/de\/wp-json\/wp\/v2\/posts\/2796","targetHints":{"allow":["GET"]}}],"collection":[{"href":"https:\/\/www.saprima.de\/de\/wp-json\/wp\/v2\/posts"}],"about":[{"href":"https:\/\/www.saprima.de\/de\/wp-json\/wp\/v2\/types\/post"}],"author":[{"embeddable":true,"href":"https:\/\/www.saprima.de\/de\/wp-json\/wp\/v2\/users\/2"}],"replies":[{"embeddable":true,"href":"https:\/\/www.saprima.de\/de\/wp-json\/wp\/v2\/comments?post=2796"}],"version-history":[{"count":4,"href":"https:\/\/www.saprima.de\/de\/wp-json\/wp\/v2\/posts\/2796\/revisions"}],"predecessor-version":[{"id":2830,"href":"https:\/\/www.saprima.de\/de\/wp-json\/wp\/v2\/posts\/2796\/revisions\/2830"}],"wp:attachment":[{"href":"https:\/\/www.saprima.de\/de\/wp-json\/wp\/v2\/media?parent=2796"}],"wp:term":[{"taxonomy":"category","embeddable":true,"href":"https:\/\/www.saprima.de\/de\/wp-json\/wp\/v2\/categories?post=2796"},{"taxonomy":"post_tag","embeddable":true,"href":"https:\/\/www.saprima.de\/de\/wp-json\/wp\/v2\/tags?post=2796"}],"curies":[{"name":"wp","href":"https:\/\/api.w.org\/{rel}","templated":true}]}}