{"id":16991,"date":"2023-02-15T11:32:20","date_gmt":"2023-02-15T10:32:20","guid":{"rendered":"https:\/\/www.saprima.de\/?p=16991"},"modified":"2023-02-16T08:38:38","modified_gmt":"2023-02-16T07:38:38","slug":"saprima-webinar-angefangen-mit-der-termin-und-ressourcenplanung-bis-zum-projektende-23-02-2023-1100-uhr","status":"publish","type":"post","link":"https:\/\/www.saprima.de\/en\/saprima-webinar-angefangen-mit-der-termin-und-ressourcenplanung-bis-zum-projektende-23-02-2023-1100-uhr\/","title":{"rendered":"saprima Webinar: &#8222;Von der Termin- und Ressourcenplanung bis zum Projektende&#8220; am 23.02.2023 11:00 Uhr"},"content":{"rendered":"<p class=\"wpcf7-contact-form-not-found\"><strong>Error:<\/strong> Contact form not found.<\/p>\n\n\n\n<p>oft endet das toolgest\u00fctzte Projektmanagement nach der Terminplanung und erster Ressourcenplanung. St\u00e4ndige \u00c4nderungen im Laufe des Projektes werden meist nicht mehr im Tool erfasst. Das Projekt wird zum Ende hin auf &#8222;Zuruf&#8220; irgendwie fertiggestellt.<\/p>\n\n\n\n<p>Der Grund f\u00fcr diese Vorgehensweise ist, weil ein Projektleiter die st\u00e4ndigen \u00c4nderungen im Projekt, nicht mehr in den Tools f\u00fcr Termin- oder Ressourcenplan erfassen kann.<\/p>\n\n\n\n<p><strong>Der Projektleiter muss schnelle Entscheidungen treffen!<\/strong><\/p>\n\n\n\n<p>In saprima haben wir die M\u00f6glichkeit geschaffen, ausgehend von einem Terminplan im GANTT \u00fcber die Ressourcenplanung, die Ausf\u00fchrungsphase z. B. mittels KANBAN und \/ oder Plantafel zu unterst\u00fctzen. Die Verbindung zum urspr\u00fcnglichen Termin- und Ressourcenplan ist stets gegeben!<\/p>\n\n\n\n<p>In saprima k\u00f6nnen alle \u00c4nderungen dezentral durch die Projektmitglieder, oder durch einen Projektmanager direkt im Meeting, erfasst werden.<\/p>\n\n\n\n<p>Somit hat man w\u00e4hrend des gesamten Projektes:<\/p>\n\n\n\n<ul class=\"wp-block-list\">\n<li>Kontrolle \u00fcber die Termine<\/li>\n\n\n\n<li>Kontrolle \u00fcber Ressourcenauslastung<\/li>\n\n\n\n<li>Kontrolle \u00fcber die Kosten und Aufwand<\/li>\n<\/ul>\n\n\n\n<p class=\"has-text-align-center\"><strong><em>Wir laden Sie herzlich zu unserem Webinar am 23.02.2023 um 11:00 Uhr ein und zeigen Ihnen wie saprima alle Phasen im Projekt unterst\u00fctzt.<\/em><\/strong><\/p>\n\n\n\n<p>Your team at saprima GmbH<\/p>","protected":false},"excerpt":{"rendered":"<p>oft endet das toolgest\u00fctzte Projektmanagement nach der Terminplanung und erster Ressourcenplanung. St\u00e4ndige \u00c4nderungen im Laufe des Projektes werden meist nicht mehr im Tool erfasst. Das Projekt wird zum Ende hin&hellip; <br \/> <a class=\"read-more\" href=\"https:\/\/www.saprima.de\/en\/saprima-webinar-angefangen-mit-der-termin-und-ressourcenplanung-bis-zum-projektende-23-02-2023-1100-uhr\/\">Read more<\/a><\/p>","protected":false},"author":2,"featured_media":0,"comment_status":"closed","ping_status":"closed","sticky":false,"template":"","format":"standard","meta":{"_price":"","_stock":"","_tribe_ticket_header":"","_tribe_default_ticket_provider":"","_tribe_ticket_capacity":"0","_ticket_start_date":"","_ticket_end_date":"","_tribe_ticket_show_description":"","_tribe_ticket_show_not_going":false,"_tribe_ticket_use_global_stock":"","_tribe_ticket_global_stock_level":"","_global_stock_mode":"","_global_stock_cap":"","_tribe_rsvp_for_event":"","_tribe_ticket_going_count":"","_tribe_ticket_not_going_count":"","_tribe_tickets_list":"[]","_tribe_ticket_has_attendee_info_fields":false,"footnotes":""},"categories":[14],"tags":[23,140,28,137,30,18,124],"class_list":["post-16991","post","type-post","status-publish","format-standard","hentry","category-webinare","tag-kanban","tag-kostenmanagement","tag-mitarbeiterplanung","tag-plantafel","tag-projektmanagement","tag-ressourcenmanagement","tag-ressourcenplanung"],"yoast_head":"<!-- This site is optimized with the Yoast SEO plugin v27.5 - https:\/\/yoast.com\/product\/yoast-seo-wordpress\/ -->\n<title>saprima Webinar: &quot;Von der Termin- und Ressourcenplanung bis zum Projektende&quot; am 23.02.2023 11:00 Uhr - saprima\u00ae - Compose your Success<\/title>\n<meta name=\"description\" content=\"Projektmanagement | Produktmanagement | Ressourcenmanagement kann so einfach sein. Nutzen Sie unser kostenlose Startparket: saprima Basic\" \/>\n<meta name=\"robots\" content=\"index, follow, max-snippet:-1, max-image-preview:large, max-video-preview:-1\" \/>\n<link rel=\"canonical\" href=\"https:\/\/www.saprima.de\/en\/saprima-webinar-angefangen-mit-der-termin-und-ressourcenplanung-bis-zum-projektende-23-02-2023-1100-uhr\/\" \/>\n<meta property=\"og:locale\" content=\"en_GB\" \/>\n<meta property=\"og:type\" content=\"article\" \/>\n<meta property=\"og:title\" content=\"saprima Webinar: &quot;Von der Termin- und Ressourcenplanung bis zum Projektende&quot; am 23.02.2023 11:00 Uhr - saprima\u00ae - Compose your Success\" \/>\n<meta property=\"og:description\" content=\"Projektmanagement | Produktmanagement | Ressourcenmanagement kann so einfach sein. Nutzen Sie unser kostenlose Startparket: saprima Basic\" \/>\n<meta property=\"og:url\" content=\"https:\/\/www.saprima.de\/en\/saprima-webinar-angefangen-mit-der-termin-und-ressourcenplanung-bis-zum-projektende-23-02-2023-1100-uhr\/\" \/>\n<meta property=\"og:site_name\" content=\"saprima\u00ae - Compose your Success\" \/>\n<meta property=\"article:published_time\" content=\"2023-02-15T10:32:20+00:00\" \/>\n<meta property=\"article:modified_time\" content=\"2023-02-16T07:38:38+00:00\" \/>\n<meta name=\"author\" content=\"Josef Weig\" \/>\n<meta name=\"twitter:card\" content=\"summary_large_image\" \/>\n<meta name=\"twitter:creator\" content=\"@saprima1\" \/>\n<meta name=\"twitter:site\" content=\"@saprima1\" \/>\n<meta name=\"twitter:label1\" content=\"Written by\" \/>\n\t<meta name=\"twitter:data1\" content=\"Josef Weig\" \/>\n\t<meta name=\"twitter:label2\" content=\"Estimated reading time\" \/>\n\t<meta name=\"twitter:data2\" content=\"1 minute\" \/>\n<script type=\"application\/ld+json\" class=\"yoast-schema-graph\">{\"@context\":\"https:\\\/\\\/schema.org\",\"@graph\":[{\"@type\":\"Article\",\"@id\":\"https:\\\/\\\/www.saprima.de\\\/saprima-webinar-angefangen-mit-der-termin-und-ressourcenplanung-bis-zum-projektende-23-02-2023-1100-uhr\\\/#article\",\"isPartOf\":{\"@id\":\"https:\\\/\\\/www.saprima.de\\\/saprima-webinar-angefangen-mit-der-termin-und-ressourcenplanung-bis-zum-projektende-23-02-2023-1100-uhr\\\/\"},\"author\":{\"name\":\"Josef Weig\",\"@id\":\"https:\\\/\\\/www.saprima.de\\\/de\\\/#\\\/schema\\\/person\\\/ad9835e96a9b8c55346fb74b19524f5a\"},\"headline\":\"saprima Webinar: &#8222;Von der Termin- und Ressourcenplanung bis zum Projektende&#8220; am 23.02.2023 11:00 Uhr\",\"datePublished\":\"2023-02-15T10:32:20+00:00\",\"dateModified\":\"2023-02-16T07:38:38+00:00\",\"mainEntityOfPage\":{\"@id\":\"https:\\\/\\\/www.saprima.de\\\/saprima-webinar-angefangen-mit-der-termin-und-ressourcenplanung-bis-zum-projektende-23-02-2023-1100-uhr\\\/\"},\"wordCount\":197,\"publisher\":{\"@id\":\"https:\\\/\\\/www.saprima.de\\\/de\\\/#organization\"},\"keywords\":[\"Kanban\",\"Kostenmanagement\",\"Mitarbeiterplanung\",\"Plantafel\",\"Projektmanagement\",\"Ressourcenmanagement\",\"Ressourcenplanung\"],\"articleSection\":[\"Webinare\"],\"inLanguage\":\"en-GB\"},{\"@type\":\"WebPage\",\"@id\":\"https:\\\/\\\/www.saprima.de\\\/saprima-webinar-angefangen-mit-der-termin-und-ressourcenplanung-bis-zum-projektende-23-02-2023-1100-uhr\\\/\",\"url\":\"https:\\\/\\\/www.saprima.de\\\/saprima-webinar-angefangen-mit-der-termin-und-ressourcenplanung-bis-zum-projektende-23-02-2023-1100-uhr\\\/\",\"name\":\"saprima Webinar: \\\"Von der Termin- und Ressourcenplanung bis zum Projektende\\\" am 23.02.2023 11:00 Uhr - saprima\u00ae - Compose your Success\",\"isPartOf\":{\"@id\":\"https:\\\/\\\/www.saprima.de\\\/de\\\/#website\"},\"datePublished\":\"2023-02-15T10:32:20+00:00\",\"dateModified\":\"2023-02-16T07:38:38+00:00\",\"description\":\"Projektmanagement | Produktmanagement | Ressourcenmanagement kann so einfach sein. Nutzen Sie unser kostenlose Startparket: saprima Basic\",\"breadcrumb\":{\"@id\":\"https:\\\/\\\/www.saprima.de\\\/saprima-webinar-angefangen-mit-der-termin-und-ressourcenplanung-bis-zum-projektende-23-02-2023-1100-uhr\\\/#breadcrumb\"},\"inLanguage\":\"en-GB\",\"potentialAction\":[{\"@type\":\"ReadAction\",\"target\":[\"https:\\\/\\\/www.saprima.de\\\/saprima-webinar-angefangen-mit-der-termin-und-ressourcenplanung-bis-zum-projektende-23-02-2023-1100-uhr\\\/\"]}]},{\"@type\":\"BreadcrumbList\",\"@id\":\"https:\\\/\\\/www.saprima.de\\\/saprima-webinar-angefangen-mit-der-termin-und-ressourcenplanung-bis-zum-projektende-23-02-2023-1100-uhr\\\/#breadcrumb\",\"itemListElement\":[{\"@type\":\"ListItem\",\"position\":1,\"name\":\"Startseite\",\"item\":\"https:\\\/\\\/www.saprima.de\\\/\"},{\"@type\":\"ListItem\",\"position\":2,\"name\":\"saprima Webinar: &#8222;Von der Termin- und Ressourcenplanung bis zum Projektende&#8220; am 23.02.2023 11:00 Uhr\"}]},{\"@type\":\"WebSite\",\"@id\":\"https:\\\/\\\/www.saprima.de\\\/de\\\/#website\",\"url\":\"https:\\\/\\\/www.saprima.de\\\/de\\\/\",\"name\":\"saprima\u00ae\",\"description\":\"\",\"publisher\":{\"@id\":\"https:\\\/\\\/www.saprima.de\\\/de\\\/#organization\"},\"potentialAction\":[{\"@type\":\"SearchAction\",\"target\":{\"@type\":\"EntryPoint\",\"urlTemplate\":\"https:\\\/\\\/www.saprima.de\\\/de\\\/?s={search_term_string}\"},\"query-input\":{\"@type\":\"PropertyValueSpecification\",\"valueRequired\":true,\"valueName\":\"search_term_string\"}}],\"inLanguage\":\"en-GB\"},{\"@type\":\"Organization\",\"@id\":\"https:\\\/\\\/www.saprima.de\\\/de\\\/#organization\",\"name\":\"saprima GmbH\",\"url\":\"https:\\\/\\\/www.saprima.de\\\/de\\\/\",\"logo\":{\"@type\":\"ImageObject\",\"inLanguage\":\"en-GB\",\"@id\":\"https:\\\/\\\/www.saprima.de\\\/de\\\/#\\\/schema\\\/logo\\\/image\\\/\",\"url\":\"https:\\\/\\\/www.saprima.de\\\/wp-content\\\/uploads\\\/saprima_final_transp.png\",\"contentUrl\":\"https:\\\/\\\/www.saprima.de\\\/wp-content\\\/uploads\\\/saprima_final_transp.png\",\"width\":1468,\"height\":938,\"caption\":\"saprima GmbH\"},\"image\":{\"@id\":\"https:\\\/\\\/www.saprima.de\\\/de\\\/#\\\/schema\\\/logo\\\/image\\\/\"},\"sameAs\":[\"https:\\\/\\\/x.com\\\/saprima1\",\"https:\\\/\\\/www.youtube.com\\\/user\\\/saprima2011\"]},{\"@type\":\"Person\",\"@id\":\"https:\\\/\\\/www.saprima.de\\\/de\\\/#\\\/schema\\\/person\\\/ad9835e96a9b8c55346fb74b19524f5a\",\"name\":\"Josef Weig\",\"image\":{\"@type\":\"ImageObject\",\"inLanguage\":\"en-GB\",\"@id\":\"https:\\\/\\\/secure.gravatar.com\\\/avatar\\\/6c8803fc64c77db3934ceb7f665a70107ed8bb2d969ca0dbed9329ff23ca7b16?s=96&d=mm&r=g\",\"url\":\"https:\\\/\\\/secure.gravatar.com\\\/avatar\\\/6c8803fc64c77db3934ceb7f665a70107ed8bb2d969ca0dbed9329ff23ca7b16?s=96&d=mm&r=g\",\"contentUrl\":\"https:\\\/\\\/secure.gravatar.com\\\/avatar\\\/6c8803fc64c77db3934ceb7f665a70107ed8bb2d969ca0dbed9329ff23ca7b16?s=96&d=mm&r=g\",\"caption\":\"Josef Weig\"},\"sameAs\":[\"http:\\\/\\\/localhost:8000\"]}]}<\/script>\n<!-- \/ Yoast SEO plugin. -->","yoast_head_json":{"title":"saprima Webinar: \"Von der Termin- und Ressourcenplanung bis zum Projektende\" am 23.02.2023 11:00 Uhr - saprima\u00ae - Compose your Success","description":"Projektmanagement | Produktmanagement | Ressourcenmanagement kann so einfach sein. Nutzen Sie unser kostenlose Startparket: saprima Basic","robots":{"index":"index","follow":"follow","max-snippet":"max-snippet:-1","max-image-preview":"max-image-preview:large","max-video-preview":"max-video-preview:-1"},"canonical":"https:\/\/www.saprima.de\/en\/saprima-webinar-angefangen-mit-der-termin-und-ressourcenplanung-bis-zum-projektende-23-02-2023-1100-uhr\/","og_locale":"en_GB","og_type":"article","og_title":"saprima Webinar: \"Von der Termin- und Ressourcenplanung bis zum Projektende\" am 23.02.2023 11:00 Uhr - saprima\u00ae - Compose your Success","og_description":"Projektmanagement | Produktmanagement | Ressourcenmanagement kann so einfach sein. Nutzen Sie unser kostenlose Startparket: saprima Basic","og_url":"https:\/\/www.saprima.de\/en\/saprima-webinar-angefangen-mit-der-termin-und-ressourcenplanung-bis-zum-projektende-23-02-2023-1100-uhr\/","og_site_name":"saprima\u00ae - Compose your Success","article_published_time":"2023-02-15T10:32:20+00:00","article_modified_time":"2023-02-16T07:38:38+00:00","author":"Josef Weig","twitter_card":"summary_large_image","twitter_creator":"@saprima1","twitter_site":"@saprima1","twitter_misc":{"Written by":"Josef Weig","Estimated reading time":"1 minute"},"schema":{"@context":"https:\/\/schema.org","@graph":[{"@type":"Article","@id":"https:\/\/www.saprima.de\/saprima-webinar-angefangen-mit-der-termin-und-ressourcenplanung-bis-zum-projektende-23-02-2023-1100-uhr\/#article","isPartOf":{"@id":"https:\/\/www.saprima.de\/saprima-webinar-angefangen-mit-der-termin-und-ressourcenplanung-bis-zum-projektende-23-02-2023-1100-uhr\/"},"author":{"name":"Josef Weig","@id":"https:\/\/www.saprima.de\/de\/#\/schema\/person\/ad9835e96a9b8c55346fb74b19524f5a"},"headline":"saprima Webinar: &#8222;Von der Termin- und Ressourcenplanung bis zum Projektende&#8220; am 23.02.2023 11:00 Uhr","datePublished":"2023-02-15T10:32:20+00:00","dateModified":"2023-02-16T07:38:38+00:00","mainEntityOfPage":{"@id":"https:\/\/www.saprima.de\/saprima-webinar-angefangen-mit-der-termin-und-ressourcenplanung-bis-zum-projektende-23-02-2023-1100-uhr\/"},"wordCount":197,"publisher":{"@id":"https:\/\/www.saprima.de\/de\/#organization"},"keywords":["Kanban","Kostenmanagement","Mitarbeiterplanung","Plantafel","Projektmanagement","Ressourcenmanagement","Ressourcenplanung"],"articleSection":["Webinare"],"inLanguage":"en-GB"},{"@type":"WebPage","@id":"https:\/\/www.saprima.de\/saprima-webinar-angefangen-mit-der-termin-und-ressourcenplanung-bis-zum-projektende-23-02-2023-1100-uhr\/","url":"https:\/\/www.saprima.de\/saprima-webinar-angefangen-mit-der-termin-und-ressourcenplanung-bis-zum-projektende-23-02-2023-1100-uhr\/","name":"saprima Webinar: \"Von der Termin- und Ressourcenplanung bis zum Projektende\" am 23.02.2023 11:00 Uhr - saprima\u00ae - Compose your Success","isPartOf":{"@id":"https:\/\/www.saprima.de\/de\/#website"},"datePublished":"2023-02-15T10:32:20+00:00","dateModified":"2023-02-16T07:38:38+00:00","description":"Projektmanagement | Produktmanagement | Ressourcenmanagement kann so einfach sein. Nutzen Sie unser kostenlose Startparket: saprima Basic","breadcrumb":{"@id":"https:\/\/www.saprima.de\/saprima-webinar-angefangen-mit-der-termin-und-ressourcenplanung-bis-zum-projektende-23-02-2023-1100-uhr\/#breadcrumb"},"inLanguage":"en-GB","potentialAction":[{"@type":"ReadAction","target":["https:\/\/www.saprima.de\/saprima-webinar-angefangen-mit-der-termin-und-ressourcenplanung-bis-zum-projektende-23-02-2023-1100-uhr\/"]}]},{"@type":"BreadcrumbList","@id":"https:\/\/www.saprima.de\/saprima-webinar-angefangen-mit-der-termin-und-ressourcenplanung-bis-zum-projektende-23-02-2023-1100-uhr\/#breadcrumb","itemListElement":[{"@type":"ListItem","position":1,"name":"Startseite","item":"https:\/\/www.saprima.de\/"},{"@type":"ListItem","position":2,"name":"saprima Webinar: &#8222;Von der Termin- und Ressourcenplanung bis zum Projektende&#8220; am 23.02.2023 11:00 Uhr"}]},{"@type":"WebSite","@id":"https:\/\/www.saprima.de\/de\/#website","url":"https:\/\/www.saprima.de\/de\/","name":"saprima\u00ae","description":"","publisher":{"@id":"https:\/\/www.saprima.de\/de\/#organization"},"potentialAction":[{"@type":"SearchAction","target":{"@type":"EntryPoint","urlTemplate":"https:\/\/www.saprima.de\/de\/?s={search_term_string}"},"query-input":{"@type":"PropertyValueSpecification","valueRequired":true,"valueName":"search_term_string"}}],"inLanguage":"en-GB"},{"@type":"Organization","@id":"https:\/\/www.saprima.de\/de\/#organization","name":"saprima GmbH","url":"https:\/\/www.saprima.de\/de\/","logo":{"@type":"ImageObject","inLanguage":"en-GB","@id":"https:\/\/www.saprima.de\/de\/#\/schema\/logo\/image\/","url":"https:\/\/www.saprima.de\/wp-content\/uploads\/saprima_final_transp.png","contentUrl":"https:\/\/www.saprima.de\/wp-content\/uploads\/saprima_final_transp.png","width":1468,"height":938,"caption":"saprima GmbH"},"image":{"@id":"https:\/\/www.saprima.de\/de\/#\/schema\/logo\/image\/"},"sameAs":["https:\/\/x.com\/saprima1","https:\/\/www.youtube.com\/user\/saprima2011"]},{"@type":"Person","@id":"https:\/\/www.saprima.de\/de\/#\/schema\/person\/ad9835e96a9b8c55346fb74b19524f5a","name":"Josef Weig","image":{"@type":"ImageObject","inLanguage":"en-GB","@id":"https:\/\/secure.gravatar.com\/avatar\/6c8803fc64c77db3934ceb7f665a70107ed8bb2d969ca0dbed9329ff23ca7b16?s=96&d=mm&r=g","url":"https:\/\/secure.gravatar.com\/avatar\/6c8803fc64c77db3934ceb7f665a70107ed8bb2d969ca0dbed9329ff23ca7b16?s=96&d=mm&r=g","contentUrl":"https:\/\/secure.gravatar.com\/avatar\/6c8803fc64c77db3934ceb7f665a70107ed8bb2d969ca0dbed9329ff23ca7b16?s=96&d=mm&r=g","caption":"Josef Weig"},"sameAs":["http:\/\/localhost:8000"]}]}},"_links":{"self":[{"href":"https:\/\/www.saprima.de\/en\/wp-json\/wp\/v2\/posts\/16991","targetHints":{"allow":["GET"]}}],"collection":[{"href":"https:\/\/www.saprima.de\/en\/wp-json\/wp\/v2\/posts"}],"about":[{"href":"https:\/\/www.saprima.de\/en\/wp-json\/wp\/v2\/types\/post"}],"author":[{"embeddable":true,"href":"https:\/\/www.saprima.de\/en\/wp-json\/wp\/v2\/users\/2"}],"replies":[{"embeddable":true,"href":"https:\/\/www.saprima.de\/en\/wp-json\/wp\/v2\/comments?post=16991"}],"version-history":[{"count":3,"href":"https:\/\/www.saprima.de\/en\/wp-json\/wp\/v2\/posts\/16991\/revisions"}],"predecessor-version":[{"id":17007,"href":"https:\/\/www.saprima.de\/en\/wp-json\/wp\/v2\/posts\/16991\/revisions\/17007"}],"wp:attachment":[{"href":"https:\/\/www.saprima.de\/en\/wp-json\/wp\/v2\/media?parent=16991"}],"wp:term":[{"taxonomy":"category","embeddable":true,"href":"https:\/\/www.saprima.de\/en\/wp-json\/wp\/v2\/categories?post=16991"},{"taxonomy":"post_tag","embeddable":true,"href":"https:\/\/www.saprima.de\/en\/wp-json\/wp\/v2\/tags?post=16991"}],"curies":[{"name":"wp","href":"https:\/\/api.w.org\/{rel}","templated":true}]}}