{"id":18139,"date":"2023-05-11T09:34:16","date_gmt":"2023-05-11T07:34:16","guid":{"rendered":"https:\/\/www.saprima.de\/?p=18139"},"modified":"2023-05-11T10:22:04","modified_gmt":"2023-05-11T08:22:04","slug":"saprima-webinar-20230525","status":"publish","type":"post","link":"https:\/\/www.saprima.de\/en\/saprima-webinar-20230525\/","title":{"rendered":"saprima Webinar: &#8222;Leanmanagement mit integrierter Plantafel&#8220; am 25.05.2023 um 11:00 Uhr"},"content":{"rendered":"<p class=\"wpcf7-contact-form-not-found\"><strong>Error:<\/strong> Contact form not found.<\/p>\n\n\n\n<p>f\u00fcr die <strong>Abarbeitung<\/strong> von Projekten mit vielen unterschiedlichen Beteiligten, wie in Bau- oder Anlagenbauprojekten, haben sich <strong>Plantafeln<\/strong> f\u00fcr t\u00e4gliche Besprechungen bew\u00e4hrt.<\/p>\n\n\n\n<p>In der Regel sind diese Plantafeln, egal ob <strong>analog<\/strong> an der Wand oder <strong>digital, isoliert<\/strong> von Termin-, Kosten- und Ressourcenplanung<strong>.<\/strong><\/p>\n\n\n\n<p class=\"has-text-align-center has-medium-font-size\"><strong><em>Wenn Karten terminlich verschoben werden, gibt die Plantafel keine Auskunft, ob sich dadurch der Endtermin des Projektes verschiebt!<\/em><\/strong><\/p>\n\n\n\n<p class=\"has-text-align-center has-medium-font-size\"><strong><em>Durch die Kopplung von Gantt und Plantafel ist dies in saprima m\u00f6glich!<\/em><\/strong><\/p>\n\n\n\n<p>Im Webinar zeigen wir Ihnen:<\/p>\n\n\n\n<ul class=\"wp-block-list\">\n<li>wie eine<strong> integrierte L\u00f6sung<\/strong> funktioniert<\/li>\n\n\n\n<li>wie aus einer klassischen Planung im Gantt automatisch eine Plantafel erstellt wird<\/li>\n\n\n\n<li>wie<strong> <\/strong>eine <strong>\u00c4nderungen<\/strong> in der <strong>Project planning board<\/strong>, direkten Einfluss auf die <strong>Termine im Gantt<\/strong> hat<\/li>\n\n\n\n<li>wie<strong> <\/strong>eine<strong> \u00c4nderungen<\/strong> in der <strong>Project planning board<\/strong>, direkten Einfluss auf die <strong>Resource planning<\/strong> hat<\/li>\n\n\n\n<li>wie Mitarbeiter oder Fremdfirmen einfach den Status ihrer Vorg\u00e4nge in einer <strong>visuellen APP<\/strong> \u00e4ndern k\u00f6nnen<\/li>\n<\/ul>\n\n\n\n<p class=\"has-text-align-center\"><strong>Wir laden Sie herzlich zu unserem kommenden Webinar zum Thema &#8222;Leanmanagement durch integrierte Plantafel&#8220; am 25.05.2023 um 11.00 Uhr ein.<\/strong><\/p>\n\n\n\n<p><\/p>","protected":false},"excerpt":{"rendered":"<p>f\u00fcr die Abarbeitung von Projekten mit vielen unterschiedlichen Beteiligten, wie in Bau- oder Anlagenbauprojekten, haben sich Plantafeln f\u00fcr t\u00e4gliche Besprechungen bew\u00e4hrt. In der Regel sind diese Plantafeln, egal ob analog&hellip; <br \/> <a class=\"read-more\" href=\"https:\/\/www.saprima.de\/en\/saprima-webinar-20230525\/\">Read more<\/a><\/p>","protected":false},"author":2,"featured_media":18145,"comment_status":"closed","ping_status":"closed","sticky":false,"template":"","format":"standard","meta":{"_price":"","_stock":"","_tribe_ticket_header":"","_tribe_default_ticket_provider":"","_tribe_ticket_capacity":"0","_ticket_start_date":"","_ticket_end_date":"","_tribe_ticket_show_description":"","_tribe_ticket_show_not_going":false,"_tribe_ticket_use_global_stock":"","_tribe_ticket_global_stock_level":"","_global_stock_mode":"","_global_stock_cap":"","_tribe_rsvp_for_event":"","_tribe_ticket_going_count":"","_tribe_ticket_not_going_count":"","_tribe_tickets_list":"[]","_tribe_ticket_has_attendee_info_fields":false,"footnotes":""},"categories":[14],"tags":[46,141,142,23,140,137,19,117,18],"class_list":["post-18139","post","type-post","status-publish","format-standard","has-post-thumbnail","hentry","category-webinare","tag-gantt","tag-integrierte-plantafel","tag-integriertes-projektmanagement","tag-kanban","tag-kostenmanagement","tag-plantafel","tag-portfoliomanagement","tag-projektmanagement-software","tag-ressourcenmanagement"],"yoast_head":"<!-- This site is optimized with the Yoast SEO plugin v27.5 - https:\/\/yoast.com\/product\/yoast-seo-wordpress\/ -->\n<title>saprima Webinar: &quot;Leanmanagement mit integrierter Plantafel&quot; am 25.05.2023 um 11:00 Uhr - saprima\u00ae - Compose your Success<\/title>\n<meta name=\"description\" content=\"Projektmanagement | Produktmanagement | Ressourcenmanagement kann so einfach sein. Nutzen Sie unser kostenlose Startparket: saprima Basic\" \/>\n<meta name=\"robots\" content=\"index, follow, max-snippet:-1, max-image-preview:large, max-video-preview:-1\" \/>\n<link rel=\"canonical\" href=\"https:\/\/www.saprima.de\/en\/saprima-webinar-20230525\/\" \/>\n<meta property=\"og:locale\" content=\"en_GB\" \/>\n<meta property=\"og:type\" content=\"article\" \/>\n<meta property=\"og:title\" content=\"saprima Webinar: &quot;Leanmanagement mit integrierter Plantafel&quot; am 25.05.2023 um 11:00 Uhr - saprima\u00ae - Compose your Success\" \/>\n<meta property=\"og:description\" content=\"Projektmanagement | Produktmanagement | Ressourcenmanagement kann so einfach sein. Nutzen Sie unser kostenlose Startparket: saprima Basic\" \/>\n<meta property=\"og:url\" content=\"https:\/\/www.saprima.de\/en\/saprima-webinar-20230525\/\" \/>\n<meta property=\"og:site_name\" content=\"saprima\u00ae - Compose your Success\" \/>\n<meta property=\"article:published_time\" content=\"2023-05-11T07:34:16+00:00\" \/>\n<meta property=\"article:modified_time\" content=\"2023-05-11T08:22:04+00:00\" \/>\n<meta property=\"og:image\" content=\"https:\/\/www.saprima.de\/wp-content\/uploads\/Leanmanagement.png\" \/>\n\t<meta property=\"og:image:width\" content=\"1942\" \/>\n\t<meta property=\"og:image:height\" content=\"1091\" \/>\n\t<meta property=\"og:image:type\" content=\"image\/png\" \/>\n<meta name=\"author\" content=\"Josef Weig\" \/>\n<meta name=\"twitter:card\" content=\"summary_large_image\" \/>\n<meta name=\"twitter:creator\" content=\"@saprima1\" \/>\n<meta name=\"twitter:site\" content=\"@saprima1\" \/>\n<meta name=\"twitter:label1\" content=\"Written by\" \/>\n\t<meta name=\"twitter:data1\" content=\"Josef Weig\" \/>\n\t<meta name=\"twitter:label2\" content=\"Estimated reading time\" \/>\n\t<meta name=\"twitter:data2\" content=\"1 minute\" \/>\n<script type=\"application\/ld+json\" class=\"yoast-schema-graph\">{\"@context\":\"https:\\\/\\\/schema.org\",\"@graph\":[{\"@type\":\"Article\",\"@id\":\"https:\\\/\\\/www.saprima.de\\\/saprima-webinar-20230525\\\/#article\",\"isPartOf\":{\"@id\":\"https:\\\/\\\/www.saprima.de\\\/saprima-webinar-20230525\\\/\"},\"author\":{\"name\":\"Josef Weig\",\"@id\":\"https:\\\/\\\/www.saprima.de\\\/de\\\/#\\\/schema\\\/person\\\/ad9835e96a9b8c55346fb74b19524f5a\"},\"headline\":\"saprima Webinar: &#8222;Leanmanagement mit integrierter Plantafel&#8220; am 25.05.2023 um 11:00 Uhr\",\"datePublished\":\"2023-05-11T07:34:16+00:00\",\"dateModified\":\"2023-05-11T08:22:04+00:00\",\"mainEntityOfPage\":{\"@id\":\"https:\\\/\\\/www.saprima.de\\\/saprima-webinar-20230525\\\/\"},\"wordCount\":176,\"publisher\":{\"@id\":\"https:\\\/\\\/www.saprima.de\\\/de\\\/#organization\"},\"image\":{\"@id\":\"https:\\\/\\\/www.saprima.de\\\/saprima-webinar-20230525\\\/#primaryimage\"},\"thumbnailUrl\":\"https:\\\/\\\/www.saprima.de\\\/wp-content\\\/uploads\\\/Leanmanagement.png\",\"keywords\":[\"Gantt\",\"integrierte Plantafel\",\"integriertes Projektmanagement\",\"Kanban\",\"Kostenmanagement\",\"Plantafel\",\"Portfoliomanagement\",\"Projektmanagement Software\",\"Ressourcenmanagement\"],\"articleSection\":[\"Webinare\"],\"inLanguage\":\"en-GB\"},{\"@type\":\"WebPage\",\"@id\":\"https:\\\/\\\/www.saprima.de\\\/saprima-webinar-20230525\\\/\",\"url\":\"https:\\\/\\\/www.saprima.de\\\/saprima-webinar-20230525\\\/\",\"name\":\"saprima Webinar: \\\"Leanmanagement mit integrierter Plantafel\\\" am 25.05.2023 um 11:00 Uhr - saprima\u00ae - Compose your Success\",\"isPartOf\":{\"@id\":\"https:\\\/\\\/www.saprima.de\\\/de\\\/#website\"},\"primaryImageOfPage\":{\"@id\":\"https:\\\/\\\/www.saprima.de\\\/saprima-webinar-20230525\\\/#primaryimage\"},\"image\":{\"@id\":\"https:\\\/\\\/www.saprima.de\\\/saprima-webinar-20230525\\\/#primaryimage\"},\"thumbnailUrl\":\"https:\\\/\\\/www.saprima.de\\\/wp-content\\\/uploads\\\/Leanmanagement.png\",\"datePublished\":\"2023-05-11T07:34:16+00:00\",\"dateModified\":\"2023-05-11T08:22:04+00:00\",\"description\":\"Projektmanagement | Produktmanagement | Ressourcenmanagement kann so einfach sein. Nutzen Sie unser kostenlose Startparket: saprima Basic\",\"breadcrumb\":{\"@id\":\"https:\\\/\\\/www.saprima.de\\\/saprima-webinar-20230525\\\/#breadcrumb\"},\"inLanguage\":\"en-GB\",\"potentialAction\":[{\"@type\":\"ReadAction\",\"target\":[\"https:\\\/\\\/www.saprima.de\\\/saprima-webinar-20230525\\\/\"]}]},{\"@type\":\"ImageObject\",\"inLanguage\":\"en-GB\",\"@id\":\"https:\\\/\\\/www.saprima.de\\\/saprima-webinar-20230525\\\/#primaryimage\",\"url\":\"https:\\\/\\\/www.saprima.de\\\/wp-content\\\/uploads\\\/Leanmanagement.png\",\"contentUrl\":\"https:\\\/\\\/www.saprima.de\\\/wp-content\\\/uploads\\\/Leanmanagement.png\",\"width\":1942,\"height\":1091},{\"@type\":\"BreadcrumbList\",\"@id\":\"https:\\\/\\\/www.saprima.de\\\/saprima-webinar-20230525\\\/#breadcrumb\",\"itemListElement\":[{\"@type\":\"ListItem\",\"position\":1,\"name\":\"Startseite\",\"item\":\"https:\\\/\\\/www.saprima.de\\\/\"},{\"@type\":\"ListItem\",\"position\":2,\"name\":\"saprima Webinar: &#8222;Leanmanagement mit integrierter Plantafel&#8220; am 25.05.2023 um 11:00 Uhr\"}]},{\"@type\":\"WebSite\",\"@id\":\"https:\\\/\\\/www.saprima.de\\\/de\\\/#website\",\"url\":\"https:\\\/\\\/www.saprima.de\\\/de\\\/\",\"name\":\"saprima\u00ae\",\"description\":\"\",\"publisher\":{\"@id\":\"https:\\\/\\\/www.saprima.de\\\/de\\\/#organization\"},\"potentialAction\":[{\"@type\":\"SearchAction\",\"target\":{\"@type\":\"EntryPoint\",\"urlTemplate\":\"https:\\\/\\\/www.saprima.de\\\/de\\\/?s={search_term_string}\"},\"query-input\":{\"@type\":\"PropertyValueSpecification\",\"valueRequired\":true,\"valueName\":\"search_term_string\"}}],\"inLanguage\":\"en-GB\"},{\"@type\":\"Organization\",\"@id\":\"https:\\\/\\\/www.saprima.de\\\/de\\\/#organization\",\"name\":\"saprima GmbH\",\"url\":\"https:\\\/\\\/www.saprima.de\\\/de\\\/\",\"logo\":{\"@type\":\"ImageObject\",\"inLanguage\":\"en-GB\",\"@id\":\"https:\\\/\\\/www.saprima.de\\\/de\\\/#\\\/schema\\\/logo\\\/image\\\/\",\"url\":\"https:\\\/\\\/www.saprima.de\\\/wp-content\\\/uploads\\\/saprima_final_transp.png\",\"contentUrl\":\"https:\\\/\\\/www.saprima.de\\\/wp-content\\\/uploads\\\/saprima_final_transp.png\",\"width\":1468,\"height\":938,\"caption\":\"saprima GmbH\"},\"image\":{\"@id\":\"https:\\\/\\\/www.saprima.de\\\/de\\\/#\\\/schema\\\/logo\\\/image\\\/\"},\"sameAs\":[\"https:\\\/\\\/x.com\\\/saprima1\",\"https:\\\/\\\/www.youtube.com\\\/user\\\/saprima2011\"]},{\"@type\":\"Person\",\"@id\":\"https:\\\/\\\/www.saprima.de\\\/de\\\/#\\\/schema\\\/person\\\/ad9835e96a9b8c55346fb74b19524f5a\",\"name\":\"Josef Weig\",\"image\":{\"@type\":\"ImageObject\",\"inLanguage\":\"en-GB\",\"@id\":\"https:\\\/\\\/secure.gravatar.com\\\/avatar\\\/6c8803fc64c77db3934ceb7f665a70107ed8bb2d969ca0dbed9329ff23ca7b16?s=96&d=mm&r=g\",\"url\":\"https:\\\/\\\/secure.gravatar.com\\\/avatar\\\/6c8803fc64c77db3934ceb7f665a70107ed8bb2d969ca0dbed9329ff23ca7b16?s=96&d=mm&r=g\",\"contentUrl\":\"https:\\\/\\\/secure.gravatar.com\\\/avatar\\\/6c8803fc64c77db3934ceb7f665a70107ed8bb2d969ca0dbed9329ff23ca7b16?s=96&d=mm&r=g\",\"caption\":\"Josef Weig\"},\"sameAs\":[\"http:\\\/\\\/localhost:8000\"]}]}<\/script>\n<!-- \/ Yoast SEO plugin. -->","yoast_head_json":{"title":"saprima Webinar: \"Leanmanagement mit integrierter Plantafel\" am 25.05.2023 um 11:00 Uhr - saprima\u00ae - Compose your Success","description":"Projektmanagement | Produktmanagement | Ressourcenmanagement kann so einfach sein. Nutzen Sie unser kostenlose Startparket: saprima Basic","robots":{"index":"index","follow":"follow","max-snippet":"max-snippet:-1","max-image-preview":"max-image-preview:large","max-video-preview":"max-video-preview:-1"},"canonical":"https:\/\/www.saprima.de\/en\/saprima-webinar-20230525\/","og_locale":"en_GB","og_type":"article","og_title":"saprima Webinar: \"Leanmanagement mit integrierter Plantafel\" am 25.05.2023 um 11:00 Uhr - saprima\u00ae - Compose your Success","og_description":"Projektmanagement | Produktmanagement | Ressourcenmanagement kann so einfach sein. Nutzen Sie unser kostenlose Startparket: saprima Basic","og_url":"https:\/\/www.saprima.de\/en\/saprima-webinar-20230525\/","og_site_name":"saprima\u00ae - Compose your Success","article_published_time":"2023-05-11T07:34:16+00:00","article_modified_time":"2023-05-11T08:22:04+00:00","og_image":[{"width":1942,"height":1091,"url":"https:\/\/www.saprima.de\/wp-content\/uploads\/Leanmanagement.png","type":"image\/png"}],"author":"Josef Weig","twitter_card":"summary_large_image","twitter_creator":"@saprima1","twitter_site":"@saprima1","twitter_misc":{"Written by":"Josef Weig","Estimated reading time":"1 minute"},"schema":{"@context":"https:\/\/schema.org","@graph":[{"@type":"Article","@id":"https:\/\/www.saprima.de\/saprima-webinar-20230525\/#article","isPartOf":{"@id":"https:\/\/www.saprima.de\/saprima-webinar-20230525\/"},"author":{"name":"Josef Weig","@id":"https:\/\/www.saprima.de\/de\/#\/schema\/person\/ad9835e96a9b8c55346fb74b19524f5a"},"headline":"saprima Webinar: &#8222;Leanmanagement mit integrierter Plantafel&#8220; am 25.05.2023 um 11:00 Uhr","datePublished":"2023-05-11T07:34:16+00:00","dateModified":"2023-05-11T08:22:04+00:00","mainEntityOfPage":{"@id":"https:\/\/www.saprima.de\/saprima-webinar-20230525\/"},"wordCount":176,"publisher":{"@id":"https:\/\/www.saprima.de\/de\/#organization"},"image":{"@id":"https:\/\/www.saprima.de\/saprima-webinar-20230525\/#primaryimage"},"thumbnailUrl":"https:\/\/www.saprima.de\/wp-content\/uploads\/Leanmanagement.png","keywords":["Gantt","integrierte Plantafel","integriertes Projektmanagement","Kanban","Kostenmanagement","Plantafel","Portfoliomanagement","Projektmanagement Software","Ressourcenmanagement"],"articleSection":["Webinare"],"inLanguage":"en-GB"},{"@type":"WebPage","@id":"https:\/\/www.saprima.de\/saprima-webinar-20230525\/","url":"https:\/\/www.saprima.de\/saprima-webinar-20230525\/","name":"saprima Webinar: \"Leanmanagement mit integrierter Plantafel\" am 25.05.2023 um 11:00 Uhr - saprima\u00ae - Compose your Success","isPartOf":{"@id":"https:\/\/www.saprima.de\/de\/#website"},"primaryImageOfPage":{"@id":"https:\/\/www.saprima.de\/saprima-webinar-20230525\/#primaryimage"},"image":{"@id":"https:\/\/www.saprima.de\/saprima-webinar-20230525\/#primaryimage"},"thumbnailUrl":"https:\/\/www.saprima.de\/wp-content\/uploads\/Leanmanagement.png","datePublished":"2023-05-11T07:34:16+00:00","dateModified":"2023-05-11T08:22:04+00:00","description":"Projektmanagement | Produktmanagement | Ressourcenmanagement kann so einfach sein. Nutzen Sie unser kostenlose Startparket: saprima Basic","breadcrumb":{"@id":"https:\/\/www.saprima.de\/saprima-webinar-20230525\/#breadcrumb"},"inLanguage":"en-GB","potentialAction":[{"@type":"ReadAction","target":["https:\/\/www.saprima.de\/saprima-webinar-20230525\/"]}]},{"@type":"ImageObject","inLanguage":"en-GB","@id":"https:\/\/www.saprima.de\/saprima-webinar-20230525\/#primaryimage","url":"https:\/\/www.saprima.de\/wp-content\/uploads\/Leanmanagement.png","contentUrl":"https:\/\/www.saprima.de\/wp-content\/uploads\/Leanmanagement.png","width":1942,"height":1091},{"@type":"BreadcrumbList","@id":"https:\/\/www.saprima.de\/saprima-webinar-20230525\/#breadcrumb","itemListElement":[{"@type":"ListItem","position":1,"name":"Startseite","item":"https:\/\/www.saprima.de\/"},{"@type":"ListItem","position":2,"name":"saprima Webinar: &#8222;Leanmanagement mit integrierter Plantafel&#8220; am 25.05.2023 um 11:00 Uhr"}]},{"@type":"WebSite","@id":"https:\/\/www.saprima.de\/de\/#website","url":"https:\/\/www.saprima.de\/de\/","name":"saprima\u00ae","description":"","publisher":{"@id":"https:\/\/www.saprima.de\/de\/#organization"},"potentialAction":[{"@type":"SearchAction","target":{"@type":"EntryPoint","urlTemplate":"https:\/\/www.saprima.de\/de\/?s={search_term_string}"},"query-input":{"@type":"PropertyValueSpecification","valueRequired":true,"valueName":"search_term_string"}}],"inLanguage":"en-GB"},{"@type":"Organization","@id":"https:\/\/www.saprima.de\/de\/#organization","name":"saprima GmbH","url":"https:\/\/www.saprima.de\/de\/","logo":{"@type":"ImageObject","inLanguage":"en-GB","@id":"https:\/\/www.saprima.de\/de\/#\/schema\/logo\/image\/","url":"https:\/\/www.saprima.de\/wp-content\/uploads\/saprima_final_transp.png","contentUrl":"https:\/\/www.saprima.de\/wp-content\/uploads\/saprima_final_transp.png","width":1468,"height":938,"caption":"saprima GmbH"},"image":{"@id":"https:\/\/www.saprima.de\/de\/#\/schema\/logo\/image\/"},"sameAs":["https:\/\/x.com\/saprima1","https:\/\/www.youtube.com\/user\/saprima2011"]},{"@type":"Person","@id":"https:\/\/www.saprima.de\/de\/#\/schema\/person\/ad9835e96a9b8c55346fb74b19524f5a","name":"Josef Weig","image":{"@type":"ImageObject","inLanguage":"en-GB","@id":"https:\/\/secure.gravatar.com\/avatar\/6c8803fc64c77db3934ceb7f665a70107ed8bb2d969ca0dbed9329ff23ca7b16?s=96&d=mm&r=g","url":"https:\/\/secure.gravatar.com\/avatar\/6c8803fc64c77db3934ceb7f665a70107ed8bb2d969ca0dbed9329ff23ca7b16?s=96&d=mm&r=g","contentUrl":"https:\/\/secure.gravatar.com\/avatar\/6c8803fc64c77db3934ceb7f665a70107ed8bb2d969ca0dbed9329ff23ca7b16?s=96&d=mm&r=g","caption":"Josef Weig"},"sameAs":["http:\/\/localhost:8000"]}]}},"_links":{"self":[{"href":"https:\/\/www.saprima.de\/en\/wp-json\/wp\/v2\/posts\/18139","targetHints":{"allow":["GET"]}}],"collection":[{"href":"https:\/\/www.saprima.de\/en\/wp-json\/wp\/v2\/posts"}],"about":[{"href":"https:\/\/www.saprima.de\/en\/wp-json\/wp\/v2\/types\/post"}],"author":[{"embeddable":true,"href":"https:\/\/www.saprima.de\/en\/wp-json\/wp\/v2\/users\/2"}],"replies":[{"embeddable":true,"href":"https:\/\/www.saprima.de\/en\/wp-json\/wp\/v2\/comments?post=18139"}],"version-history":[{"count":5,"href":"https:\/\/www.saprima.de\/en\/wp-json\/wp\/v2\/posts\/18139\/revisions"}],"predecessor-version":[{"id":18144,"href":"https:\/\/www.saprima.de\/en\/wp-json\/wp\/v2\/posts\/18139\/revisions\/18144"}],"wp:featuredmedia":[{"embeddable":true,"href":"https:\/\/www.saprima.de\/en\/wp-json\/wp\/v2\/media\/18145"}],"wp:attachment":[{"href":"https:\/\/www.saprima.de\/en\/wp-json\/wp\/v2\/media?parent=18139"}],"wp:term":[{"taxonomy":"category","embeddable":true,"href":"https:\/\/www.saprima.de\/en\/wp-json\/wp\/v2\/categories?post=18139"},{"taxonomy":"post_tag","embeddable":true,"href":"https:\/\/www.saprima.de\/en\/wp-json\/wp\/v2\/tags?post=18139"}],"curies":[{"name":"wp","href":"https:\/\/api.w.org\/{rel}","templated":true}]}}