{"id":24132,"date":"2024-11-12T15:48:11","date_gmt":"2024-11-12T14:48:11","guid":{"rendered":"https:\/\/www.saprima.de\/?p=24132"},"modified":"2025-01-16T07:46:49","modified_gmt":"2025-01-16T06:46:49","slug":"m20250123","status":"publish","type":"post","link":"https:\/\/www.saprima.de\/en\/m20250123\/","title":{"rendered":"Einladung zum Webinar: &#8222;Ressourcen im Gesamt\u00fcberblick \u2013 inkl. Terminplanung mit saprima\u00ae&#8220; am 23.01.2025"},"content":{"rendered":"<p class=\"wpcf7-contact-form-not-found\"><strong>Error:<\/strong> Contact form not found.<\/p>\n\n\n\n<p>wir laden Sie herzlich zu unserem Webinar ein, in dem wir die leistungsstarke Kombination von<strong> <em>Lean Management<\/em> <\/strong>und <strong><em>Gantt-Planung<\/em> in saprima\u00ae<\/strong> vorstellen. Erleben Sie, wie die dynamische Wechselwirkung zwischen <strong>Gantt-Diagramm<\/strong> und Zeittafel die Projektplanung vereinfacht und bedie \u00dcbersicht \u00fcber Ressourcen bleibt eine der gr\u00f6\u00dften Herausforderungen in Unternehmen. Eine erfolgreiche Einf\u00fchrung des Ressourcenmanagements erfordert Disziplin und ein strukturiertes Vorgehen seitens der Projektleiter und Ressourcenmanager. Entscheidend ist, dass alle Projektdaten zentral in einem System erfasst werden, um optimale Transparenz zu gew\u00e4hrleisten.<\/p>\n\n\n\n<p>Wir laden Sie herzlich zu unserem Webinar ein, in dem wir Ihnen einen umfassenden \u00dcberblick \u00fcber die L\u00f6sung <em>saprima\u00ae<\/em> und deren Vorteile im integrierten Ressourcenmanagement geben:<\/p>\n\n\n\n<p>\ud83d\uddd3 <strong>Datum:<\/strong> 23. Januar 2025<br>\u23f0 <strong>Uhrzeit:<\/strong> 11:00 Uhr<br>\ud83c\udfaf <strong>Thema:<\/strong> &#8222;saprima\u00ae Ressourcen Gesamt\u00fcberblick \u2013 integriertes Ressourcenmanagement&#8220;<\/p>\n\n\n\n<p><strong>Warum integriertes Ressourcenmanagement?<\/strong><\/p>\n\n\n\n<p>In vielen Unternehmen erfolgt das Ressourcenmanagement noch fragmentiert:<\/p>\n\n\n\n<ul class=\"wp-block-list\">\n<li>Terminplanung in MS Project oder \u00e4hnlichen Tools<\/li>\n\n\n\n<li>Budget- und Kostenplanung im ERP-System<\/li>\n\n\n\n<li>Ressourcenmanagement in Excel<\/li>\n\n\n\n<li>Kombination aus Terminplanung in MS Project und agiler Abarbeitung (z. B. in Kanban-Tools f\u00fcr SCRUM-Projekte)<\/li>\n<\/ul>\n\n\n\n<p>Diese Trennung f\u00fchrt h\u00e4ufig dazu, dass Terminverschiebungen nicht automatisch auf Ressourcenplanung oder Kosten Auswirkungen haben \u2013 was zu Ressourcenengp\u00e4ssen oder \u00dcberlastungen f\u00fchren kann.<\/p>\n\n\n\n<p><strong>Unser Ansatz mit <em>saprima\u00ae<\/em><\/strong><\/p>\n\n\n\n<p>With <em>saprima\u00ae<\/em> bieten wir eine durchg\u00e4ngige L\u00f6sung, die alle Projektdisziplinen miteinander verbindet:<\/p>\n\n\n\n<ul class=\"wp-block-list\">\n<li><strong>GANTT-Modul<\/strong> f\u00fcr eine \u00fcbersichtliche Terminplanung<\/li>\n\n\n\n<li>Zentral gepflegte <strong>Ressourcenstammdaten<\/strong><\/li>\n\n\n\n<li><strong>Rollenplanung<\/strong> f\u00fcr langfristige Projekte<\/li>\n\n\n\n<li>Detaillierte <strong>Mitarbeiterplanung<\/strong> je Projekt<\/li>\n\n\n\n<li>Dezentrale <strong>T\u00e4tigkeitsr\u00fcckmeldungen<\/strong> direkt durch Mitarbeitende per mobiler App<\/li>\n\n\n\n<li>Flexibles Einf\u00fchrungsmodell: Schrittweise Umsetzung (z. B. zuerst Rollenplanung, sp\u00e4ter Mitarbeiterebene)<\/li>\n<\/ul>\n\n\n\n<p><strong>Mehr erfahren<\/strong><\/p>\n\n\n\n<p>F\u00fcr weitere Informationen laden wir Sie auch herzlich ein, unser Whitepaper \u201eIntegriertes Ressourcenmanagement\u201c herunterzuladen. Wir freuen uns auf Ihre Teilnahme und einen spannenden Austausch<\/p>\n\n\n\n<p>Mit freundlichen Gr\u00fc\u00dfen,<br>Ihr saprima\u00ae Team<\/p>","protected":false},"excerpt":{"rendered":"<p>wir laden Sie herzlich zu unserem Webinar ein, in dem wir die leistungsstarke Kombination von Lean Management und Gantt-Planung in saprima\u00ae vorstellen. Erleben Sie, wie die dynamische Wechselwirkung zwischen Gantt-Diagramm&hellip; <br \/> <a class=\"read-more\" href=\"https:\/\/www.saprima.de\/en\/m20250123\/\">Read more<\/a><\/p>","protected":false},"author":2,"featured_media":24983,"comment_status":"closed","ping_status":"closed","sticky":false,"template":"","format":"standard","meta":{"_price":"","_stock":"","_tribe_ticket_header":"","_tribe_default_ticket_provider":"","_tribe_ticket_capacity":"0","_ticket_start_date":"","_ticket_end_date":"","_tribe_ticket_show_description":"","_tribe_ticket_show_not_going":false,"_tribe_ticket_use_global_stock":"","_tribe_ticket_global_stock_level":"","_global_stock_mode":"","_global_stock_cap":"","_tribe_rsvp_for_event":"","_tribe_ticket_going_count":"","_tribe_ticket_not_going_count":"","_tribe_tickets_list":"[]","_tribe_ticket_has_attendee_info_fields":false,"footnotes":""},"categories":[14],"tags":[46,23,137,19,30,18,139,115],"class_list":["post-24132","post","type-post","status-publish","format-standard","has-post-thumbnail","hentry","category-webinare","tag-gantt","tag-kanban","tag-plantafel","tag-portfoliomanagement","tag-projektmanagement","tag-ressourcenmanagement","tag-terminplanung","tag-webinar"],"yoast_head":"<!-- This site is optimized with the Yoast SEO plugin v27.5 - https:\/\/yoast.com\/product\/yoast-seo-wordpress\/ -->\n<title>Einladung zum Webinar: &quot;Ressourcen im Gesamt\u00fcberblick \u2013 inkl. Terminplanung mit saprima\u00ae&quot; am 23.01.2025 - saprima\u00ae - Compose your Success<\/title>\n<meta name=\"description\" content=\"Projektmanagement | Produktmanagement | Ressourcenmanagement kann so einfach sein. Nutzen Sie unser kostenlose Startparket: saprima Basic\" \/>\n<meta name=\"robots\" content=\"index, follow, max-snippet:-1, max-image-preview:large, max-video-preview:-1\" \/>\n<link rel=\"canonical\" href=\"https:\/\/www.saprima.de\/en\/m20250123\/\" \/>\n<meta property=\"og:locale\" content=\"en_GB\" \/>\n<meta property=\"og:type\" content=\"article\" \/>\n<meta property=\"og:title\" content=\"Einladung zum Webinar: &quot;Ressourcen im Gesamt\u00fcberblick \u2013 inkl. Terminplanung mit saprima\u00ae&quot; am 23.01.2025 - saprima\u00ae - Compose your Success\" \/>\n<meta property=\"og:description\" content=\"Projektmanagement | Produktmanagement | Ressourcenmanagement kann so einfach sein. Nutzen Sie unser kostenlose Startparket: saprima Basic\" \/>\n<meta property=\"og:url\" content=\"https:\/\/www.saprima.de\/en\/m20250123\/\" \/>\n<meta property=\"og:site_name\" content=\"saprima\u00ae - Compose your Success\" \/>\n<meta property=\"article:published_time\" content=\"2024-11-12T14:48:11+00:00\" \/>\n<meta property=\"article:modified_time\" content=\"2025-01-16T06:46:49+00:00\" \/>\n<meta property=\"og:image\" content=\"https:\/\/www.saprima.de\/wp-content\/uploads\/m250123-e1736944348832.png\" \/>\n\t<meta property=\"og:image:width\" content=\"400\" \/>\n\t<meta property=\"og:image:height\" content=\"400\" \/>\n\t<meta property=\"og:image:type\" content=\"image\/png\" \/>\n<meta name=\"author\" content=\"Josef Weig\" \/>\n<meta name=\"twitter:card\" content=\"summary_large_image\" \/>\n<meta name=\"twitter:creator\" content=\"@saprima1\" \/>\n<meta name=\"twitter:site\" content=\"@saprima1\" \/>\n<meta name=\"twitter:label1\" content=\"Written by\" \/>\n\t<meta name=\"twitter:data1\" content=\"Josef Weig\" \/>\n\t<meta name=\"twitter:label2\" content=\"Estimated reading time\" \/>\n\t<meta name=\"twitter:data2\" content=\"2 minutes\" \/>\n<script type=\"application\/ld+json\" class=\"yoast-schema-graph\">{\"@context\":\"https:\\\/\\\/schema.org\",\"@graph\":[{\"@type\":\"Article\",\"@id\":\"https:\\\/\\\/www.saprima.de\\\/m20250123\\\/#article\",\"isPartOf\":{\"@id\":\"https:\\\/\\\/www.saprima.de\\\/m20250123\\\/\"},\"author\":{\"name\":\"Josef Weig\",\"@id\":\"https:\\\/\\\/www.saprima.de\\\/de\\\/#\\\/schema\\\/person\\\/ad9835e96a9b8c55346fb74b19524f5a\"},\"headline\":\"Einladung zum Webinar: &#8222;Ressourcen im Gesamt\u00fcberblick \u2013 inkl. Terminplanung mit saprima\u00ae&#8220; am 23.01.2025\",\"datePublished\":\"2024-11-12T14:48:11+00:00\",\"dateModified\":\"2025-01-16T06:46:49+00:00\",\"mainEntityOfPage\":{\"@id\":\"https:\\\/\\\/www.saprima.de\\\/m20250123\\\/\"},\"wordCount\":299,\"publisher\":{\"@id\":\"https:\\\/\\\/www.saprima.de\\\/de\\\/#organization\"},\"image\":{\"@id\":\"https:\\\/\\\/www.saprima.de\\\/m20250123\\\/#primaryimage\"},\"thumbnailUrl\":\"https:\\\/\\\/www.saprima.de\\\/wp-content\\\/uploads\\\/m250123-e1736944348832.png\",\"keywords\":[\"Gantt\",\"Kanban\",\"Plantafel\",\"Portfoliomanagement\",\"Projektmanagement\",\"Ressourcenmanagement\",\"Terminplanung\",\"Webinar\"],\"articleSection\":[\"Webinare\"],\"inLanguage\":\"en-GB\"},{\"@type\":\"WebPage\",\"@id\":\"https:\\\/\\\/www.saprima.de\\\/m20250123\\\/\",\"url\":\"https:\\\/\\\/www.saprima.de\\\/m20250123\\\/\",\"name\":\"Einladung zum Webinar: \\\"Ressourcen im Gesamt\u00fcberblick \u2013 inkl. Terminplanung mit saprima\u00ae\\\" am 23.01.2025 - saprima\u00ae - Compose your Success\",\"isPartOf\":{\"@id\":\"https:\\\/\\\/www.saprima.de\\\/de\\\/#website\"},\"primaryImageOfPage\":{\"@id\":\"https:\\\/\\\/www.saprima.de\\\/m20250123\\\/#primaryimage\"},\"image\":{\"@id\":\"https:\\\/\\\/www.saprima.de\\\/m20250123\\\/#primaryimage\"},\"thumbnailUrl\":\"https:\\\/\\\/www.saprima.de\\\/wp-content\\\/uploads\\\/m250123-e1736944348832.png\",\"datePublished\":\"2024-11-12T14:48:11+00:00\",\"dateModified\":\"2025-01-16T06:46:49+00:00\",\"description\":\"Projektmanagement | Produktmanagement | Ressourcenmanagement kann so einfach sein. Nutzen Sie unser kostenlose Startparket: saprima Basic\",\"breadcrumb\":{\"@id\":\"https:\\\/\\\/www.saprima.de\\\/m20250123\\\/#breadcrumb\"},\"inLanguage\":\"en-GB\",\"potentialAction\":[{\"@type\":\"ReadAction\",\"target\":[\"https:\\\/\\\/www.saprima.de\\\/m20250123\\\/\"]}]},{\"@type\":\"ImageObject\",\"inLanguage\":\"en-GB\",\"@id\":\"https:\\\/\\\/www.saprima.de\\\/m20250123\\\/#primaryimage\",\"url\":\"https:\\\/\\\/www.saprima.de\\\/wp-content\\\/uploads\\\/m250123-e1736944348832.png\",\"contentUrl\":\"https:\\\/\\\/www.saprima.de\\\/wp-content\\\/uploads\\\/m250123-e1736944348832.png\",\"width\":400,\"height\":400},{\"@type\":\"BreadcrumbList\",\"@id\":\"https:\\\/\\\/www.saprima.de\\\/m20250123\\\/#breadcrumb\",\"itemListElement\":[{\"@type\":\"ListItem\",\"position\":1,\"name\":\"Startseite\",\"item\":\"https:\\\/\\\/www.saprima.de\\\/\"},{\"@type\":\"ListItem\",\"position\":2,\"name\":\"Einladung zum Webinar: &#8222;Ressourcen im Gesamt\u00fcberblick \u2013 inkl. Terminplanung mit saprima\u00ae&#8220; am 23.01.2025\"}]},{\"@type\":\"WebSite\",\"@id\":\"https:\\\/\\\/www.saprima.de\\\/de\\\/#website\",\"url\":\"https:\\\/\\\/www.saprima.de\\\/de\\\/\",\"name\":\"saprima\u00ae\",\"description\":\"\",\"publisher\":{\"@id\":\"https:\\\/\\\/www.saprima.de\\\/de\\\/#organization\"},\"potentialAction\":[{\"@type\":\"SearchAction\",\"target\":{\"@type\":\"EntryPoint\",\"urlTemplate\":\"https:\\\/\\\/www.saprima.de\\\/de\\\/?s={search_term_string}\"},\"query-input\":{\"@type\":\"PropertyValueSpecification\",\"valueRequired\":true,\"valueName\":\"search_term_string\"}}],\"inLanguage\":\"en-GB\"},{\"@type\":\"Organization\",\"@id\":\"https:\\\/\\\/www.saprima.de\\\/de\\\/#organization\",\"name\":\"saprima GmbH\",\"url\":\"https:\\\/\\\/www.saprima.de\\\/de\\\/\",\"logo\":{\"@type\":\"ImageObject\",\"inLanguage\":\"en-GB\",\"@id\":\"https:\\\/\\\/www.saprima.de\\\/de\\\/#\\\/schema\\\/logo\\\/image\\\/\",\"url\":\"https:\\\/\\\/www.saprima.de\\\/wp-content\\\/uploads\\\/saprima_final_transp.png\",\"contentUrl\":\"https:\\\/\\\/www.saprima.de\\\/wp-content\\\/uploads\\\/saprima_final_transp.png\",\"width\":1468,\"height\":938,\"caption\":\"saprima GmbH\"},\"image\":{\"@id\":\"https:\\\/\\\/www.saprima.de\\\/de\\\/#\\\/schema\\\/logo\\\/image\\\/\"},\"sameAs\":[\"https:\\\/\\\/x.com\\\/saprima1\",\"https:\\\/\\\/www.youtube.com\\\/user\\\/saprima2011\"]},{\"@type\":\"Person\",\"@id\":\"https:\\\/\\\/www.saprima.de\\\/de\\\/#\\\/schema\\\/person\\\/ad9835e96a9b8c55346fb74b19524f5a\",\"name\":\"Josef Weig\",\"image\":{\"@type\":\"ImageObject\",\"inLanguage\":\"en-GB\",\"@id\":\"https:\\\/\\\/secure.gravatar.com\\\/avatar\\\/6c8803fc64c77db3934ceb7f665a70107ed8bb2d969ca0dbed9329ff23ca7b16?s=96&d=mm&r=g\",\"url\":\"https:\\\/\\\/secure.gravatar.com\\\/avatar\\\/6c8803fc64c77db3934ceb7f665a70107ed8bb2d969ca0dbed9329ff23ca7b16?s=96&d=mm&r=g\",\"contentUrl\":\"https:\\\/\\\/secure.gravatar.com\\\/avatar\\\/6c8803fc64c77db3934ceb7f665a70107ed8bb2d969ca0dbed9329ff23ca7b16?s=96&d=mm&r=g\",\"caption\":\"Josef Weig\"},\"sameAs\":[\"http:\\\/\\\/localhost:8000\"]}]}<\/script>\n<!-- \/ Yoast SEO plugin. -->","yoast_head_json":{"title":"Einladung zum Webinar: \"Ressourcen im Gesamt\u00fcberblick \u2013 inkl. Terminplanung mit saprima\u00ae\" am 23.01.2025 - saprima\u00ae - Compose your Success","description":"Projektmanagement | Produktmanagement | Ressourcenmanagement kann so einfach sein. Nutzen Sie unser kostenlose Startparket: saprima Basic","robots":{"index":"index","follow":"follow","max-snippet":"max-snippet:-1","max-image-preview":"max-image-preview:large","max-video-preview":"max-video-preview:-1"},"canonical":"https:\/\/www.saprima.de\/en\/m20250123\/","og_locale":"en_GB","og_type":"article","og_title":"Einladung zum Webinar: \"Ressourcen im Gesamt\u00fcberblick \u2013 inkl. Terminplanung mit saprima\u00ae\" am 23.01.2025 - saprima\u00ae - Compose your Success","og_description":"Projektmanagement | Produktmanagement | Ressourcenmanagement kann so einfach sein. Nutzen Sie unser kostenlose Startparket: saprima Basic","og_url":"https:\/\/www.saprima.de\/en\/m20250123\/","og_site_name":"saprima\u00ae - Compose your Success","article_published_time":"2024-11-12T14:48:11+00:00","article_modified_time":"2025-01-16T06:46:49+00:00","og_image":[{"width":400,"height":400,"url":"https:\/\/www.saprima.de\/wp-content\/uploads\/m250123-e1736944348832.png","type":"image\/png"}],"author":"Josef Weig","twitter_card":"summary_large_image","twitter_creator":"@saprima1","twitter_site":"@saprima1","twitter_misc":{"Written by":"Josef Weig","Estimated reading time":"2 minutes"},"schema":{"@context":"https:\/\/schema.org","@graph":[{"@type":"Article","@id":"https:\/\/www.saprima.de\/m20250123\/#article","isPartOf":{"@id":"https:\/\/www.saprima.de\/m20250123\/"},"author":{"name":"Josef Weig","@id":"https:\/\/www.saprima.de\/de\/#\/schema\/person\/ad9835e96a9b8c55346fb74b19524f5a"},"headline":"Einladung zum Webinar: &#8222;Ressourcen im Gesamt\u00fcberblick \u2013 inkl. Terminplanung mit saprima\u00ae&#8220; am 23.01.2025","datePublished":"2024-11-12T14:48:11+00:00","dateModified":"2025-01-16T06:46:49+00:00","mainEntityOfPage":{"@id":"https:\/\/www.saprima.de\/m20250123\/"},"wordCount":299,"publisher":{"@id":"https:\/\/www.saprima.de\/de\/#organization"},"image":{"@id":"https:\/\/www.saprima.de\/m20250123\/#primaryimage"},"thumbnailUrl":"https:\/\/www.saprima.de\/wp-content\/uploads\/m250123-e1736944348832.png","keywords":["Gantt","Kanban","Plantafel","Portfoliomanagement","Projektmanagement","Ressourcenmanagement","Terminplanung","Webinar"],"articleSection":["Webinare"],"inLanguage":"en-GB"},{"@type":"WebPage","@id":"https:\/\/www.saprima.de\/m20250123\/","url":"https:\/\/www.saprima.de\/m20250123\/","name":"Einladung zum Webinar: \"Ressourcen im Gesamt\u00fcberblick \u2013 inkl. Terminplanung mit saprima\u00ae\" am 23.01.2025 - saprima\u00ae - Compose your Success","isPartOf":{"@id":"https:\/\/www.saprima.de\/de\/#website"},"primaryImageOfPage":{"@id":"https:\/\/www.saprima.de\/m20250123\/#primaryimage"},"image":{"@id":"https:\/\/www.saprima.de\/m20250123\/#primaryimage"},"thumbnailUrl":"https:\/\/www.saprima.de\/wp-content\/uploads\/m250123-e1736944348832.png","datePublished":"2024-11-12T14:48:11+00:00","dateModified":"2025-01-16T06:46:49+00:00","description":"Projektmanagement | Produktmanagement | Ressourcenmanagement kann so einfach sein. Nutzen Sie unser kostenlose Startparket: saprima Basic","breadcrumb":{"@id":"https:\/\/www.saprima.de\/m20250123\/#breadcrumb"},"inLanguage":"en-GB","potentialAction":[{"@type":"ReadAction","target":["https:\/\/www.saprima.de\/m20250123\/"]}]},{"@type":"ImageObject","inLanguage":"en-GB","@id":"https:\/\/www.saprima.de\/m20250123\/#primaryimage","url":"https:\/\/www.saprima.de\/wp-content\/uploads\/m250123-e1736944348832.png","contentUrl":"https:\/\/www.saprima.de\/wp-content\/uploads\/m250123-e1736944348832.png","width":400,"height":400},{"@type":"BreadcrumbList","@id":"https:\/\/www.saprima.de\/m20250123\/#breadcrumb","itemListElement":[{"@type":"ListItem","position":1,"name":"Startseite","item":"https:\/\/www.saprima.de\/"},{"@type":"ListItem","position":2,"name":"Einladung zum Webinar: &#8222;Ressourcen im Gesamt\u00fcberblick \u2013 inkl. Terminplanung mit saprima\u00ae&#8220; am 23.01.2025"}]},{"@type":"WebSite","@id":"https:\/\/www.saprima.de\/de\/#website","url":"https:\/\/www.saprima.de\/de\/","name":"saprima\u00ae","description":"","publisher":{"@id":"https:\/\/www.saprima.de\/de\/#organization"},"potentialAction":[{"@type":"SearchAction","target":{"@type":"EntryPoint","urlTemplate":"https:\/\/www.saprima.de\/de\/?s={search_term_string}"},"query-input":{"@type":"PropertyValueSpecification","valueRequired":true,"valueName":"search_term_string"}}],"inLanguage":"en-GB"},{"@type":"Organization","@id":"https:\/\/www.saprima.de\/de\/#organization","name":"saprima GmbH","url":"https:\/\/www.saprima.de\/de\/","logo":{"@type":"ImageObject","inLanguage":"en-GB","@id":"https:\/\/www.saprima.de\/de\/#\/schema\/logo\/image\/","url":"https:\/\/www.saprima.de\/wp-content\/uploads\/saprima_final_transp.png","contentUrl":"https:\/\/www.saprima.de\/wp-content\/uploads\/saprima_final_transp.png","width":1468,"height":938,"caption":"saprima GmbH"},"image":{"@id":"https:\/\/www.saprima.de\/de\/#\/schema\/logo\/image\/"},"sameAs":["https:\/\/x.com\/saprima1","https:\/\/www.youtube.com\/user\/saprima2011"]},{"@type":"Person","@id":"https:\/\/www.saprima.de\/de\/#\/schema\/person\/ad9835e96a9b8c55346fb74b19524f5a","name":"Josef Weig","image":{"@type":"ImageObject","inLanguage":"en-GB","@id":"https:\/\/secure.gravatar.com\/avatar\/6c8803fc64c77db3934ceb7f665a70107ed8bb2d969ca0dbed9329ff23ca7b16?s=96&d=mm&r=g","url":"https:\/\/secure.gravatar.com\/avatar\/6c8803fc64c77db3934ceb7f665a70107ed8bb2d969ca0dbed9329ff23ca7b16?s=96&d=mm&r=g","contentUrl":"https:\/\/secure.gravatar.com\/avatar\/6c8803fc64c77db3934ceb7f665a70107ed8bb2d969ca0dbed9329ff23ca7b16?s=96&d=mm&r=g","caption":"Josef Weig"},"sameAs":["http:\/\/localhost:8000"]}]}},"_links":{"self":[{"href":"https:\/\/www.saprima.de\/en\/wp-json\/wp\/v2\/posts\/24132","targetHints":{"allow":["GET"]}}],"collection":[{"href":"https:\/\/www.saprima.de\/en\/wp-json\/wp\/v2\/posts"}],"about":[{"href":"https:\/\/www.saprima.de\/en\/wp-json\/wp\/v2\/types\/post"}],"author":[{"embeddable":true,"href":"https:\/\/www.saprima.de\/en\/wp-json\/wp\/v2\/users\/2"}],"replies":[{"embeddable":true,"href":"https:\/\/www.saprima.de\/en\/wp-json\/wp\/v2\/comments?post=24132"}],"version-history":[{"count":6,"href":"https:\/\/www.saprima.de\/en\/wp-json\/wp\/v2\/posts\/24132\/revisions"}],"predecessor-version":[{"id":25000,"href":"https:\/\/www.saprima.de\/en\/wp-json\/wp\/v2\/posts\/24132\/revisions\/25000"}],"wp:featuredmedia":[{"embeddable":true,"href":"https:\/\/www.saprima.de\/en\/wp-json\/wp\/v2\/media\/24983"}],"wp:attachment":[{"href":"https:\/\/www.saprima.de\/en\/wp-json\/wp\/v2\/media?parent=24132"}],"wp:term":[{"taxonomy":"category","embeddable":true,"href":"https:\/\/www.saprima.de\/en\/wp-json\/wp\/v2\/categories?post=24132"},{"taxonomy":"post_tag","embeddable":true,"href":"https:\/\/www.saprima.de\/en\/wp-json\/wp\/v2\/tags?post=24132"}],"curies":[{"name":"wp","href":"https:\/\/api.w.org\/{rel}","templated":true}]}}