{"id":31542,"date":"2026-03-18T15:31:32","date_gmt":"2026-03-18T14:31:32","guid":{"rendered":"https:\/\/www.saprima.de\/?p=31542"},"modified":"2026-03-18T15:58:37","modified_gmt":"2026-03-18T14:58:37","slug":"m20260326","status":"publish","type":"post","link":"https:\/\/www.saprima.de\/en\/m20260326\/","title":{"rendered":"Webinar: Ressourcenmanagement in saprima \u2013 Transparenz \u00fcber Projekte, Kapazit\u00e4ten und Priorit\u00e4tenWebinar Ressourcenmanagment"},"content":{"rendered":"<h3 class=\"wp-block-heading\"><\/h3>\n\n\n\n<hr class=\"wp-block-separator has-alpha-channel-opacity\"\/>\n\n\n\n<p>In vielen Unternehmen laufen mehrere Projekte gleichzeitig. Gleichzeitig sind Ressourcen knapp, Priorit\u00e4ten ver\u00e4ndern sich und Entscheidungen m\u00fcssen immer wieder neu abgestimmt werden. Genau hier setzt ein wirksames Ressourcenmanagement an.<\/p>\n\n\n\n<p><strong>\ud83d\udcc5 Termin:<\/strong> Donnerstag, 26.03.2026<br><strong>\ud83d\udd5a Uhrzeit:<\/strong> 11:00 Uhr (ca. 45 Minuten + Q&amp;A)<br><strong>\ud83c\udfaf Thema:<\/strong> Ressourcenmanagement in saprima \u2013 alle Projekte und Ressourcen in einem Tool<\/p>\n\n\n\n<p>\ud83d\udc49 <strong>Hier geht\u2019s zur Anmeldung:<\/strong>\u00a0<strong><a href=\"https:\/\/www.saprima.de\/en\/anmeldung_webinar\/?date=26.03.2026\">Anmeldung<\/a><\/strong><\/p>\n\n\n\n<p>In unserem Webinar zeigen wir, wie Sie mit <strong>saprima<\/strong> Ressourcen projekt\u00fcbergreifend planen, Engp\u00e4sse fr\u00fchzeitig erkennen und mehr Transparenz \u00fcber Auslastung, Verf\u00fcgbarkeit und Priorit\u00e4ten schaffen.<\/p>\n\n\n\n<p>Der Fokus liegt auf dem <strong>Ressourcemanagement<\/strong> \u2013 einem zentralen Baustein des <strong>Projektportfoliomanagements<\/strong>. Gleichzeitig kann Ressourcenmanagement in saprima auch <strong>unabh\u00e4ngig vom Projektportfoliomanagement<\/strong> genutzt werden. Schon dann entsteht ein konkreter Mehrwert im operativen Alltag.<\/p>\n\n\n\n<p>Wenn Sie bereits <strong>Projektmanagement und Ressourcenmanagement in saprima<\/strong> abbilden, haben Sie alle Projekte und die dazugeh\u00f6rigen Kapazit\u00e4ten in einem Tool geb\u00fcndelt. Damit ist eine wesentliche Grundlage f\u00fcr ein strukturiertes Projektportfoliomanagement bereits geschaffen.<\/p>\n\n\n\n<h3 class=\"wp-block-heading\">Inhalte des Webinars<\/h3>\n\n\n\n<p>Im Webinar zeigen wir unter anderem:<\/p>\n\n\n\n<ul class=\"wp-block-list\">\n<li>wie Ressourcen in saprima projekt\u00fcbergreifend geplant werden k\u00f6nnen<\/li>\n\n\n\n<li>wie sich Auslastung, Verf\u00fcgbarkeit und Engp\u00e4sse transparent darstellen lassen<\/li>\n\n\n\n<li>wie Projektmanagement und Ressourcenmanagement zusammenwirken<\/li>\n\n\n\n<li>warum Ressourcenmanagement eine zentrale Funktion im Projektportfoliomanagement ist<\/li>\n\n\n\n<li>wie Unternehmen damit die Grundlage f\u00fcr bessere Priorisierung und fundiertere Entscheidungen schaffen<\/li>\n<\/ul>\n\n\n\n<h3 class=\"wp-block-heading\">F\u00fcr wen ist das Webinar geeignet?<\/h3>\n\n\n\n<p>Das Webinar richtet sich an Unternehmen, die<\/p>\n\n\n\n<ul class=\"wp-block-list\">\n<li>mehrere Projekte parallel steuern<\/li>\n\n\n\n<li>ihre Ressourcenplanung professionalisieren m\u00f6chten<\/li>\n\n\n\n<li>mehr Transparenz \u00fcber Kapazit\u00e4ten und Priorit\u00e4ten schaffen wollen<\/li>\n\n\n\n<li>Projektmanagement, Ressourcenmanagement und perspektivisch auch Projektportfoliomanagement in einem System zusammenf\u00fchren m\u00f6chten<\/li>\n<\/ul>\n\n\n\n<h3 class=\"wp-block-heading\">Ihr Nutzen<\/h3>\n\n\n\n<p>Nach dem Webinar haben Sie ein klares Bild davon,<\/p>\n\n\n\n<ul class=\"wp-block-list\">\n<li>welchen Nutzen Ressourcenmanagement mit saprima im Unternehmensalltag stiftet<\/li>\n\n\n\n<li>wie sich Ressourcenmanagement unabh\u00e4ngig oder im Zusammenspiel mit Projektportfoliomanagement einsetzen l\u00e4sst<\/li>\n\n\n\n<li>welche n\u00e4chsten Schritte f\u00fcr Ihre Organisation sinnvoll sein k\u00f6nnen<\/li>\n<\/ul>\n\n\n\n<h3 class=\"wp-block-heading\">Unverbindliches Kl\u00e4rungstelefonat<\/h3>\n\n\n\n<p>Wenn Sie im Anschluss kl\u00e4ren m\u00f6chten, ob wir Sie bei den Themen <strong>Projektportfoliomanagement<\/strong>, <strong>Ressourcemanagement<\/strong>, <strong>Projektmanagement<\/strong> oder mit <strong>saprima als Tool<\/strong> sinnvoll unterst\u00fctzen k\u00f6nnen, bieten wir Ihnen ein <strong>kostenloses Kl\u00e4rungstelefonat (20\u201330 Minuten, remote)<\/strong> an.<\/p>\n\n\n\n<p>Ziel des Gespr\u00e4chs ist eine schnelle und ehrliche Einsch\u00e4tzung Ihrer Ausgangssituation. Wir besprechen gemeinsam, ob ein Workshop passend ist, ob eine andere Dienstleistung mehr Nutzen bringt oder ob der sinnvollste Einstieg \u00fcber saprima selbst erfolgt.<\/p>\n\n\n\n<p>Am Ende ist klar, ob wir Sie unterst\u00fctzen k\u00f6nnen, bei welchen Themen und welcher n\u00e4chste Schritt sinnvoll ist.<\/p>\n\n\n\n<h3 class=\"wp-block-heading\">N\u00e4chster Schritt<\/h3>\n\n\n\n<p><a href=\"https:\/\/www.saprima.de\/en\/terminvereinbarung\/\" type=\"link\" id=\"https:\/\/www.saprima.de\/de\/terminvereinbarung\/\">Vereinbaren Sie einen Termin f\u00fcr das kostenlose Kl\u00e4rungstelefonat<\/a><\/p>\n\n\n\n<p><\/p>","protected":false},"excerpt":{"rendered":"<p>In vielen Unternehmen laufen mehrere Projekte gleichzeitig. Gleichzeitig sind Ressourcen knapp, Priorit\u00e4ten ver\u00e4ndern sich und Entscheidungen m\u00fcssen immer wieder neu abgestimmt werden. Genau hier setzt ein wirksames Ressourcenmanagement an. \ud83d\udcc5&hellip; <br \/> <a class=\"read-more\" href=\"https:\/\/www.saprima.de\/en\/m20260326\/\">Read more<\/a><\/p>","protected":false},"author":2,"featured_media":31544,"comment_status":"closed","ping_status":"closed","sticky":false,"template":"","format":"standard","meta":{"_price":"","_stock":"","_tribe_ticket_header":"","_tribe_default_ticket_provider":"","_tribe_ticket_capacity":"0","_ticket_start_date":"","_ticket_end_date":"","_tribe_ticket_show_description":"","_tribe_ticket_show_not_going":false,"_tribe_ticket_use_global_stock":"","_tribe_ticket_global_stock_level":"","_global_stock_mode":"","_global_stock_cap":"","_tribe_rsvp_for_event":"","_tribe_ticket_going_count":"","_tribe_ticket_not_going_count":"","_tribe_tickets_list":"[]","_tribe_ticket_has_attendee_info_fields":false,"footnotes":""},"categories":[4,14],"tags":[155,19,103,226,100,117,18],"class_list":["post-31542","post","type-post","status-publish","format-standard","has-post-thumbnail","hentry","category-news","category-webinare","tag-p3-express","tag-portfoliomanagement","tag-ppm","tag-ppm-methode","tag-projekte","tag-projektmanagement-software","tag-ressourcenmanagement"],"yoast_head":"<!-- This site is optimized with the Yoast SEO plugin v27.5 - https:\/\/yoast.com\/product\/yoast-seo-wordpress\/ -->\n<title>Webinar: Ressourcenmanagement in saprima \u2013 Transparenz \u00fcber Projekte, Kapazit\u00e4ten und Priorit\u00e4tenWebinar Ressourcenmanagment - saprima\u00ae - Compose your Success<\/title>\n<meta name=\"description\" content=\"Projektmanagement | Produktmanagement | Ressourcenmanagement kann so einfach sein. Nutzen Sie unser kostenlose Startparket: saprima Basic\" \/>\n<meta name=\"robots\" content=\"index, follow, max-snippet:-1, max-image-preview:large, max-video-preview:-1\" \/>\n<link rel=\"canonical\" href=\"https:\/\/www.saprima.de\/en\/m20260326\/\" \/>\n<meta property=\"og:locale\" content=\"en_GB\" \/>\n<meta property=\"og:type\" content=\"article\" \/>\n<meta property=\"og:title\" content=\"Webinar: Ressourcenmanagement in saprima \u2013 Transparenz \u00fcber Projekte, Kapazit\u00e4ten und Priorit\u00e4tenWebinar Ressourcenmanagment - saprima\u00ae - Compose your Success\" \/>\n<meta property=\"og:description\" content=\"Projektmanagement | Produktmanagement | Ressourcenmanagement kann so einfach sein. Nutzen Sie unser kostenlose Startparket: saprima Basic\" \/>\n<meta property=\"og:url\" content=\"https:\/\/www.saprima.de\/en\/m20260326\/\" \/>\n<meta property=\"og:site_name\" content=\"saprima\u00ae - Compose your Success\" \/>\n<meta property=\"article:published_time\" content=\"2026-03-18T14:31:32+00:00\" \/>\n<meta property=\"article:modified_time\" content=\"2026-03-18T14:58:37+00:00\" \/>\n<meta property=\"og:image\" content=\"https:\/\/www.saprima.de\/wp-content\/uploads\/Webinar_m260326-e1773843455470.png\" \/>\n\t<meta property=\"og:image:width\" content=\"400\" \/>\n\t<meta property=\"og:image:height\" content=\"267\" \/>\n\t<meta property=\"og:image:type\" content=\"image\/png\" \/>\n<meta name=\"author\" content=\"Josef Weig\" \/>\n<meta name=\"twitter:card\" content=\"summary_large_image\" \/>\n<meta name=\"twitter:creator\" content=\"@saprima1\" \/>\n<meta name=\"twitter:site\" content=\"@saprima1\" \/>\n<meta name=\"twitter:label1\" content=\"Written by\" \/>\n\t<meta name=\"twitter:data1\" content=\"Josef Weig\" \/>\n\t<meta name=\"twitter:label2\" content=\"Estimated reading time\" \/>\n\t<meta name=\"twitter:data2\" content=\"3 minutes\" \/>\n<script type=\"application\/ld+json\" class=\"yoast-schema-graph\">{\"@context\":\"https:\\\/\\\/schema.org\",\"@graph\":[{\"@type\":\"Article\",\"@id\":\"https:\\\/\\\/www.saprima.de\\\/m20260326\\\/#article\",\"isPartOf\":{\"@id\":\"https:\\\/\\\/www.saprima.de\\\/m20260326\\\/\"},\"author\":{\"name\":\"Josef Weig\",\"@id\":\"https:\\\/\\\/www.saprima.de\\\/de\\\/#\\\/schema\\\/person\\\/ad9835e96a9b8c55346fb74b19524f5a\"},\"headline\":\"Webinar: Ressourcenmanagement in saprima \u2013 Transparenz \u00fcber Projekte, Kapazit\u00e4ten und Priorit\u00e4tenWebinar Ressourcenmanagment\",\"datePublished\":\"2026-03-18T14:31:32+00:00\",\"dateModified\":\"2026-03-18T14:58:37+00:00\",\"mainEntityOfPage\":{\"@id\":\"https:\\\/\\\/www.saprima.de\\\/m20260326\\\/\"},\"wordCount\":425,\"publisher\":{\"@id\":\"https:\\\/\\\/www.saprima.de\\\/de\\\/#organization\"},\"image\":{\"@id\":\"https:\\\/\\\/www.saprima.de\\\/m20260326\\\/#primaryimage\"},\"thumbnailUrl\":\"https:\\\/\\\/www.saprima.de\\\/wp-content\\\/uploads\\\/Webinar_m260326-e1773843455470.png\",\"keywords\":[\"p3.express\",\"Portfoliomanagement\",\"PPM\",\"PPM-Methode\",\"Projekte\",\"Projektmanagement Software\",\"Ressourcenmanagement\"],\"articleSection\":[\"News\",\"Webinare\"],\"inLanguage\":\"en-GB\"},{\"@type\":\"WebPage\",\"@id\":\"https:\\\/\\\/www.saprima.de\\\/m20260326\\\/\",\"url\":\"https:\\\/\\\/www.saprima.de\\\/m20260326\\\/\",\"name\":\"Webinar: Ressourcenmanagement in saprima \u2013 Transparenz \u00fcber Projekte, Kapazit\u00e4ten und Priorit\u00e4tenWebinar Ressourcenmanagment - saprima\u00ae - Compose your Success\",\"isPartOf\":{\"@id\":\"https:\\\/\\\/www.saprima.de\\\/de\\\/#website\"},\"primaryImageOfPage\":{\"@id\":\"https:\\\/\\\/www.saprima.de\\\/m20260326\\\/#primaryimage\"},\"image\":{\"@id\":\"https:\\\/\\\/www.saprima.de\\\/m20260326\\\/#primaryimage\"},\"thumbnailUrl\":\"https:\\\/\\\/www.saprima.de\\\/wp-content\\\/uploads\\\/Webinar_m260326-e1773843455470.png\",\"datePublished\":\"2026-03-18T14:31:32+00:00\",\"dateModified\":\"2026-03-18T14:58:37+00:00\",\"description\":\"Projektmanagement | Produktmanagement | Ressourcenmanagement kann so einfach sein. Nutzen Sie unser kostenlose Startparket: saprima Basic\",\"breadcrumb\":{\"@id\":\"https:\\\/\\\/www.saprima.de\\\/m20260326\\\/#breadcrumb\"},\"inLanguage\":\"en-GB\",\"potentialAction\":[{\"@type\":\"ReadAction\",\"target\":[\"https:\\\/\\\/www.saprima.de\\\/m20260326\\\/\"]}]},{\"@type\":\"ImageObject\",\"inLanguage\":\"en-GB\",\"@id\":\"https:\\\/\\\/www.saprima.de\\\/m20260326\\\/#primaryimage\",\"url\":\"https:\\\/\\\/www.saprima.de\\\/wp-content\\\/uploads\\\/Webinar_m260326-e1773843455470.png\",\"contentUrl\":\"https:\\\/\\\/www.saprima.de\\\/wp-content\\\/uploads\\\/Webinar_m260326-e1773843455470.png\",\"width\":400,\"height\":267},{\"@type\":\"BreadcrumbList\",\"@id\":\"https:\\\/\\\/www.saprima.de\\\/m20260326\\\/#breadcrumb\",\"itemListElement\":[{\"@type\":\"ListItem\",\"position\":1,\"name\":\"Startseite\",\"item\":\"https:\\\/\\\/www.saprima.de\\\/\"},{\"@type\":\"ListItem\",\"position\":2,\"name\":\"Webinar: Ressourcenmanagement in saprima \u2013 Transparenz \u00fcber Projekte, Kapazit\u00e4ten und Priorit\u00e4tenWebinar Ressourcenmanagment\"}]},{\"@type\":\"WebSite\",\"@id\":\"https:\\\/\\\/www.saprima.de\\\/de\\\/#website\",\"url\":\"https:\\\/\\\/www.saprima.de\\\/de\\\/\",\"name\":\"saprima\u00ae\",\"description\":\"\",\"publisher\":{\"@id\":\"https:\\\/\\\/www.saprima.de\\\/de\\\/#organization\"},\"potentialAction\":[{\"@type\":\"SearchAction\",\"target\":{\"@type\":\"EntryPoint\",\"urlTemplate\":\"https:\\\/\\\/www.saprima.de\\\/de\\\/?s={search_term_string}\"},\"query-input\":{\"@type\":\"PropertyValueSpecification\",\"valueRequired\":true,\"valueName\":\"search_term_string\"}}],\"inLanguage\":\"en-GB\"},{\"@type\":\"Organization\",\"@id\":\"https:\\\/\\\/www.saprima.de\\\/de\\\/#organization\",\"name\":\"saprima GmbH\",\"url\":\"https:\\\/\\\/www.saprima.de\\\/de\\\/\",\"logo\":{\"@type\":\"ImageObject\",\"inLanguage\":\"en-GB\",\"@id\":\"https:\\\/\\\/www.saprima.de\\\/de\\\/#\\\/schema\\\/logo\\\/image\\\/\",\"url\":\"https:\\\/\\\/www.saprima.de\\\/wp-content\\\/uploads\\\/saprima_final_transp.png\",\"contentUrl\":\"https:\\\/\\\/www.saprima.de\\\/wp-content\\\/uploads\\\/saprima_final_transp.png\",\"width\":1468,\"height\":938,\"caption\":\"saprima GmbH\"},\"image\":{\"@id\":\"https:\\\/\\\/www.saprima.de\\\/de\\\/#\\\/schema\\\/logo\\\/image\\\/\"},\"sameAs\":[\"https:\\\/\\\/x.com\\\/saprima1\",\"https:\\\/\\\/www.youtube.com\\\/user\\\/saprima2011\"]},{\"@type\":\"Person\",\"@id\":\"https:\\\/\\\/www.saprima.de\\\/de\\\/#\\\/schema\\\/person\\\/ad9835e96a9b8c55346fb74b19524f5a\",\"name\":\"Josef Weig\",\"image\":{\"@type\":\"ImageObject\",\"inLanguage\":\"en-GB\",\"@id\":\"https:\\\/\\\/secure.gravatar.com\\\/avatar\\\/6c8803fc64c77db3934ceb7f665a70107ed8bb2d969ca0dbed9329ff23ca7b16?s=96&d=mm&r=g\",\"url\":\"https:\\\/\\\/secure.gravatar.com\\\/avatar\\\/6c8803fc64c77db3934ceb7f665a70107ed8bb2d969ca0dbed9329ff23ca7b16?s=96&d=mm&r=g\",\"contentUrl\":\"https:\\\/\\\/secure.gravatar.com\\\/avatar\\\/6c8803fc64c77db3934ceb7f665a70107ed8bb2d969ca0dbed9329ff23ca7b16?s=96&d=mm&r=g\",\"caption\":\"Josef Weig\"},\"sameAs\":[\"http:\\\/\\\/localhost:8000\"]}]}<\/script>\n<!-- \/ Yoast SEO plugin. -->","yoast_head_json":{"title":"Webinar: Ressourcenmanagement in saprima \u2013 Transparenz \u00fcber Projekte, Kapazit\u00e4ten und Priorit\u00e4tenWebinar Ressourcenmanagment - saprima\u00ae - Compose your Success","description":"Projektmanagement | Produktmanagement | Ressourcenmanagement kann so einfach sein. Nutzen Sie unser kostenlose Startparket: saprima Basic","robots":{"index":"index","follow":"follow","max-snippet":"max-snippet:-1","max-image-preview":"max-image-preview:large","max-video-preview":"max-video-preview:-1"},"canonical":"https:\/\/www.saprima.de\/en\/m20260326\/","og_locale":"en_GB","og_type":"article","og_title":"Webinar: Ressourcenmanagement in saprima \u2013 Transparenz \u00fcber Projekte, Kapazit\u00e4ten und Priorit\u00e4tenWebinar Ressourcenmanagment - saprima\u00ae - Compose your Success","og_description":"Projektmanagement | Produktmanagement | Ressourcenmanagement kann so einfach sein. Nutzen Sie unser kostenlose Startparket: saprima Basic","og_url":"https:\/\/www.saprima.de\/en\/m20260326\/","og_site_name":"saprima\u00ae - Compose your Success","article_published_time":"2026-03-18T14:31:32+00:00","article_modified_time":"2026-03-18T14:58:37+00:00","og_image":[{"width":400,"height":267,"url":"https:\/\/www.saprima.de\/wp-content\/uploads\/Webinar_m260326-e1773843455470.png","type":"image\/png"}],"author":"Josef Weig","twitter_card":"summary_large_image","twitter_creator":"@saprima1","twitter_site":"@saprima1","twitter_misc":{"Written by":"Josef Weig","Estimated reading time":"3 minutes"},"schema":{"@context":"https:\/\/schema.org","@graph":[{"@type":"Article","@id":"https:\/\/www.saprima.de\/m20260326\/#article","isPartOf":{"@id":"https:\/\/www.saprima.de\/m20260326\/"},"author":{"name":"Josef Weig","@id":"https:\/\/www.saprima.de\/de\/#\/schema\/person\/ad9835e96a9b8c55346fb74b19524f5a"},"headline":"Webinar: Ressourcenmanagement in saprima \u2013 Transparenz \u00fcber Projekte, Kapazit\u00e4ten und Priorit\u00e4tenWebinar Ressourcenmanagment","datePublished":"2026-03-18T14:31:32+00:00","dateModified":"2026-03-18T14:58:37+00:00","mainEntityOfPage":{"@id":"https:\/\/www.saprima.de\/m20260326\/"},"wordCount":425,"publisher":{"@id":"https:\/\/www.saprima.de\/de\/#organization"},"image":{"@id":"https:\/\/www.saprima.de\/m20260326\/#primaryimage"},"thumbnailUrl":"https:\/\/www.saprima.de\/wp-content\/uploads\/Webinar_m260326-e1773843455470.png","keywords":["p3.express","Portfoliomanagement","PPM","PPM-Methode","Projekte","Projektmanagement Software","Ressourcenmanagement"],"articleSection":["News","Webinare"],"inLanguage":"en-GB"},{"@type":"WebPage","@id":"https:\/\/www.saprima.de\/m20260326\/","url":"https:\/\/www.saprima.de\/m20260326\/","name":"Webinar: Ressourcenmanagement in saprima \u2013 Transparenz \u00fcber Projekte, Kapazit\u00e4ten und Priorit\u00e4tenWebinar Ressourcenmanagment - saprima\u00ae - Compose your Success","isPartOf":{"@id":"https:\/\/www.saprima.de\/de\/#website"},"primaryImageOfPage":{"@id":"https:\/\/www.saprima.de\/m20260326\/#primaryimage"},"image":{"@id":"https:\/\/www.saprima.de\/m20260326\/#primaryimage"},"thumbnailUrl":"https:\/\/www.saprima.de\/wp-content\/uploads\/Webinar_m260326-e1773843455470.png","datePublished":"2026-03-18T14:31:32+00:00","dateModified":"2026-03-18T14:58:37+00:00","description":"Projektmanagement | Produktmanagement | Ressourcenmanagement kann so einfach sein. Nutzen Sie unser kostenlose Startparket: saprima Basic","breadcrumb":{"@id":"https:\/\/www.saprima.de\/m20260326\/#breadcrumb"},"inLanguage":"en-GB","potentialAction":[{"@type":"ReadAction","target":["https:\/\/www.saprima.de\/m20260326\/"]}]},{"@type":"ImageObject","inLanguage":"en-GB","@id":"https:\/\/www.saprima.de\/m20260326\/#primaryimage","url":"https:\/\/www.saprima.de\/wp-content\/uploads\/Webinar_m260326-e1773843455470.png","contentUrl":"https:\/\/www.saprima.de\/wp-content\/uploads\/Webinar_m260326-e1773843455470.png","width":400,"height":267},{"@type":"BreadcrumbList","@id":"https:\/\/www.saprima.de\/m20260326\/#breadcrumb","itemListElement":[{"@type":"ListItem","position":1,"name":"Startseite","item":"https:\/\/www.saprima.de\/"},{"@type":"ListItem","position":2,"name":"Webinar: Ressourcenmanagement in saprima \u2013 Transparenz \u00fcber Projekte, Kapazit\u00e4ten und Priorit\u00e4tenWebinar Ressourcenmanagment"}]},{"@type":"WebSite","@id":"https:\/\/www.saprima.de\/de\/#website","url":"https:\/\/www.saprima.de\/de\/","name":"saprima\u00ae","description":"","publisher":{"@id":"https:\/\/www.saprima.de\/de\/#organization"},"potentialAction":[{"@type":"SearchAction","target":{"@type":"EntryPoint","urlTemplate":"https:\/\/www.saprima.de\/de\/?s={search_term_string}"},"query-input":{"@type":"PropertyValueSpecification","valueRequired":true,"valueName":"search_term_string"}}],"inLanguage":"en-GB"},{"@type":"Organization","@id":"https:\/\/www.saprima.de\/de\/#organization","name":"saprima GmbH","url":"https:\/\/www.saprima.de\/de\/","logo":{"@type":"ImageObject","inLanguage":"en-GB","@id":"https:\/\/www.saprima.de\/de\/#\/schema\/logo\/image\/","url":"https:\/\/www.saprima.de\/wp-content\/uploads\/saprima_final_transp.png","contentUrl":"https:\/\/www.saprima.de\/wp-content\/uploads\/saprima_final_transp.png","width":1468,"height":938,"caption":"saprima GmbH"},"image":{"@id":"https:\/\/www.saprima.de\/de\/#\/schema\/logo\/image\/"},"sameAs":["https:\/\/x.com\/saprima1","https:\/\/www.youtube.com\/user\/saprima2011"]},{"@type":"Person","@id":"https:\/\/www.saprima.de\/de\/#\/schema\/person\/ad9835e96a9b8c55346fb74b19524f5a","name":"Josef Weig","image":{"@type":"ImageObject","inLanguage":"en-GB","@id":"https:\/\/secure.gravatar.com\/avatar\/6c8803fc64c77db3934ceb7f665a70107ed8bb2d969ca0dbed9329ff23ca7b16?s=96&d=mm&r=g","url":"https:\/\/secure.gravatar.com\/avatar\/6c8803fc64c77db3934ceb7f665a70107ed8bb2d969ca0dbed9329ff23ca7b16?s=96&d=mm&r=g","contentUrl":"https:\/\/secure.gravatar.com\/avatar\/6c8803fc64c77db3934ceb7f665a70107ed8bb2d969ca0dbed9329ff23ca7b16?s=96&d=mm&r=g","caption":"Josef Weig"},"sameAs":["http:\/\/localhost:8000"]}]}},"_links":{"self":[{"href":"https:\/\/www.saprima.de\/en\/wp-json\/wp\/v2\/posts\/31542","targetHints":{"allow":["GET"]}}],"collection":[{"href":"https:\/\/www.saprima.de\/en\/wp-json\/wp\/v2\/posts"}],"about":[{"href":"https:\/\/www.saprima.de\/en\/wp-json\/wp\/v2\/types\/post"}],"author":[{"embeddable":true,"href":"https:\/\/www.saprima.de\/en\/wp-json\/wp\/v2\/users\/2"}],"replies":[{"embeddable":true,"href":"https:\/\/www.saprima.de\/en\/wp-json\/wp\/v2\/comments?post=31542"}],"version-history":[{"count":6,"href":"https:\/\/www.saprima.de\/en\/wp-json\/wp\/v2\/posts\/31542\/revisions"}],"predecessor-version":[{"id":31558,"href":"https:\/\/www.saprima.de\/en\/wp-json\/wp\/v2\/posts\/31542\/revisions\/31558"}],"wp:featuredmedia":[{"embeddable":true,"href":"https:\/\/www.saprima.de\/en\/wp-json\/wp\/v2\/media\/31544"}],"wp:attachment":[{"href":"https:\/\/www.saprima.de\/en\/wp-json\/wp\/v2\/media?parent=31542"}],"wp:term":[{"taxonomy":"category","embeddable":true,"href":"https:\/\/www.saprima.de\/en\/wp-json\/wp\/v2\/categories?post=31542"},{"taxonomy":"post_tag","embeddable":true,"href":"https:\/\/www.saprima.de\/en\/wp-json\/wp\/v2\/tags?post=31542"}],"curies":[{"name":"wp","href":"https:\/\/api.w.org\/{rel}","templated":true}]}}